{"id":21741,"date":"2025-06-22T15:36:22","date_gmt":"2025-06-22T21:36:22","guid":{"rendered":"https:\/\/zonalimitrofe-cbnr.com\/?p=21741"},"modified":"2025-06-22T15:36:22","modified_gmt":"2025-06-22T21:36:22","slug":"gp-fomentan-la-cultura-vial-en-la-feria-gomez-palacio-2025","status":"publish","type":"post","link":"https:\/\/zonalimitrofe-cbnr.com\/index.php\/2025\/06\/22\/gp-fomentan-la-cultura-vial-en-la-feria-gomez-palacio-2025\/","title":{"rendered":"#GP. Fomentan la cultura vial en la Feria G\u00f3mez Palacio 2025*"},"content":{"rendered":"\n<p>Como parte de las acciones de concientizaci\u00f3n y educaci\u00f3n ciudadana, la Direcci\u00f3n de Tr\u00e1nsito y Vialidad de G\u00f3mez Palacio participa activamente en la Feria G\u00f3mez Palacio 2025 con un stand informativo y educativo, dirigido especialmente a ni\u00f1as, ni\u00f1os y familias.<\/p>\n\n\n\n<p>Jorge Mendoza Beltr\u00e1n, titular de la dependencia, destac\u00f3 el respaldo de la Presidenta Municipal Leticia Herrera Ale para habilitar este espacio dentro de la feria, cuyo objetivo principal es promover la cultura vial desde edades tempranas, mediante din\u00e1micas interactivas y materiales did\u00e1cticos.<\/p>\n\n\n\n<p>En este espacio se abordan temas esenciales como la conducta adecuada de peatones y conductores, los distintos tipos de se\u00f1ales viales (restrictivas, preventivas e informativas), el uso obligatorio del cintur\u00f3n de seguridad, los sistemas de retenci\u00f3n infantil y las pr\u00e1cticas de manejo defensivo. Todo ello con el prop\u00f3sito de reforzar la educaci\u00f3n vial y contribuir a la prevenci\u00f3n de accidentes.<\/p>\n\n\n\n<p>Mendoza Beltr\u00e1n subray\u00f3 la importancia de inculcar estos conocimientos desde la infancia para lograr una movilidad m\u00e1s segura a corto, mediano y largo plazo. Asimismo, invit\u00f3 a las familias a visitar el stand de Tr\u00e1nsito y Vialidad durante su recorrido por la feria, donde tambi\u00e9n podr\u00e1n disfrutar de diversas actividades y espect\u00e1culos.<\/p>\n","protected":false},"excerpt":{"rendered":"<p>Como parte de las acciones de concientizaci\u00f3n y educaci\u00f3n ciudadana, la Direcci\u00f3n de Tr\u00e1nsito y Vialidad de G\u00f3mez Palacio participa activamente en la Feria G\u00f3mez Palacio 2025 con un stand informativo y educativo, dirigido especialmente a ni\u00f1as, ni\u00f1os y familias. Jorge Mendoza Beltr\u00e1n, titular de la dependencia, destac\u00f3 el respaldo de la Presidenta Municipal Leticia [&hellip;]<\/p>\n","protected":false},"author":1,"featured_media":21742,"comment_status":"open","ping_status":"open","sticky":false,"template":"","format":"standard","meta":{"_monsterinsights_skip_tracking":false,"_monsterinsights_sitenote_active":false,"_monsterinsights_sitenote_note":"","_monsterinsights_sitenote_category":0,"footnotes":""},"categories":[1],"tags":[],"_links":{"self":[{"href":"https:\/\/zonalimitrofe-cbnr.com\/index.php\/wp-json\/wp\/v2\/posts\/21741"}],"collection":[{"href":"https:\/\/zonalimitrofe-cbnr.com\/index.php\/wp-json\/wp\/v2\/posts"}],"about":[{"href":"https:\/\/zonalimitrofe-cbnr.com\/index.php\/wp-json\/wp\/v2\/types\/post"}],"author":[{"embeddable":true,"href":"https:\/\/zonalimitrofe-cbnr.com\/index.php\/wp-json\/wp\/v2\/users\/1"}],"replies":[{"embeddable":true,"href":"https:\/\/zonalimitrofe-cbnr.com\/index.php\/wp-json\/wp\/v2\/comments?post=21741"}],"version-history":[{"count":1,"href":"https:\/\/zonalimitrofe-cbnr.com\/index.php\/wp-json\/wp\/v2\/posts\/21741\/revisions"}],"predecessor-version":[{"id":21743,"href":"https:\/\/zonalimitrofe-cbnr.com\/index.php\/wp-json\/wp\/v2\/posts\/21741\/revisions\/21743"}],"wp:featuredmedia":[{"embeddable":true,"href":"https:\/\/zonalimitrofe-cbnr.com\/index.php\/wp-json\/wp\/v2\/media\/21742"}],"wp:attachment":[{"href":"https:\/\/zonalimitrofe-cbnr.com\/index.php\/wp-json\/wp\/v2\/media?parent=21741"}],"wp:term":[{"taxonomy":"category","embeddable":true,"href":"https:\/\/zonalimitrofe-cbnr.com\/index.php\/wp-json\/wp\/v2\/categories?post=21741"},{"taxonomy":"post_tag","embeddable":true,"href":"https:\/\/zonalimitrofe-cbnr.com\/index.php\/wp-json\/wp\/v2\/tags?post=21741"}],"curies":[{"name":"wp","href":"https:\/\/api.w.org\/{rel}","templated":true}]}}