{"id":21732,"date":"2025-06-22T15:18:10","date_gmt":"2025-06-22T21:18:10","guid":{"rendered":"https:\/\/zonalimitrofe-cbnr.com\/?p=21732"},"modified":"2025-06-22T15:18:10","modified_gmt":"2025-06-22T21:18:10","slug":"gp-realizan-en-gomez-palacio-la-conferencia-de-corazon-a-corazon-sobre-el-programa-familias-de-buen-corazon","status":"publish","type":"post","link":"https:\/\/zonalimitrofe-cbnr.com\/index.php\/2025\/06\/22\/gp-realizan-en-gomez-palacio-la-conferencia-de-corazon-a-corazon-sobre-el-programa-familias-de-buen-corazon\/","title":{"rendered":"#GP. Realizan en G\u00f3mez Palacio la conferencia \u201cDe Coraz\u00f3n a Coraz\u00f3n\u201d, sobre el programa \u201cFamilias de Buen Coraz\u00f3n\u201d*"},"content":{"rendered":"\n<p>+Se brinda hogar temporal a ni\u00f1as, ni\u00f1os y adolescentes en tanto se resuelve su situaci\u00f3n jur\u00eddica para adopci\u00f3n<\/p>\n\n\n\n<p>En el marco de la Semana Estatal de Acogimiento Familiar, el Ayuntamiento de G\u00f3mez Palacio, en coordinaci\u00f3n con el DIF Estatal, llev\u00f3 a cabo la conferencia \u201cDe Coraz\u00f3n a Coraz\u00f3n\u201d, en la cual se compartieron testimonios y se habl\u00f3 acerca del programa \u201cFamilias de Buen Coraz\u00f3n\u201d, mediante el cual se brinda hogar temporal a ni\u00f1as, ni\u00f1os y adolescentes, mientras se resuelve su situaci\u00f3n jur\u00eddica que les permita ser susceptibles de adopci\u00f3n.<\/p>\n\n\n\n<p>El evento tuvo lugar en las instalaciones del Museo Acertijo, donde Luis Montoya, subprocurador de Atenci\u00f3n a Grupos Vulnerables del DIF Estatal, destac\u00f3 la importancia de que m\u00e1s familias se sumen a este programa; adem\u00e1s explic\u00f3 que el acogimiento familiar representa una alternativa digna para menores que actualmente residen en instituciones de asistencia social.<\/p>\n\n\n\n<p>Brenda Calder\u00f3n Carrete, directora del DIF Municipal, record\u00f3 que esta es una iniciativa impulsada por la licenciada Marisol Rosso Rivera, presidenta del DIF Estatal, que no solo promueve el albergue temporal para ni\u00f1as, ni\u00f1os y adolescentes, sino que tambi\u00e9n permite conocer las experiencias de las familias que ya participan en el programa.<\/p>\n\n\n\n<p>Calder\u00f3n Carrete enfatiz\u00f3 que este esfuerzo cuenta con todo el respaldo de la Presidenta Municipal, Leticia Herrera Ale, y tiene como prop\u00f3sito que familias de buen coraz\u00f3n ofrezcan amor, comprensi\u00f3n y cuidado a los menores, como v\u00eda para integrarlos a un entorno familiar sano, que garantice sus derechos fundamentales: vivir en familia, recibir una crianza positiva, acceder a salud, educaci\u00f3n y esparcimiento.<\/p>\n\n\n\n<p>La titular del DIF en G\u00f3mez Palacio detall\u00f3 que las actividades incluyen las conferencias \u201cDe Coraz\u00f3n a Coraz\u00f3n\u201d y \u201cHablemos con el Coraz\u00f3n\u201d, as\u00ed como una capacitaci\u00f3n dirigida a medios de comunicaci\u00f3n. Tambi\u00e9n se realizan recorridos en hogares que actualmente ofrecen albergue temporal a menores \u2014desde los dos meses de edad hasta la adolescencia\u2014 quienes enfrentan la p\u00e9rdida temporal o definitiva de cuidados parentales, debido a situaciones como encarcelamiento o consumo de sustancias por parte de sus tutores.<\/p>\n\n\n\n<p>Finalmente, la funcionaria subray\u00f3 que \u201cen todo el estado de Durango, G\u00f3mez Palacio es el municipio con mayor aceptaci\u00f3n del programa, gracias al compromiso de familias que abren sus puertas para brindar, de manera temporal, amor, afecto y cuidados a estos menores\u201d.<\/p>\n","protected":false},"excerpt":{"rendered":"<p>+Se brinda hogar temporal a ni\u00f1as, ni\u00f1os y adolescentes en tanto se resuelve su situaci\u00f3n jur\u00eddica para adopci\u00f3n En el marco de la Semana Estatal de Acogimiento Familiar, el Ayuntamiento de G\u00f3mez Palacio, en coordinaci\u00f3n con el DIF Estatal, llev\u00f3 a cabo la conferencia \u201cDe Coraz\u00f3n a Coraz\u00f3n\u201d, en la cual se compartieron testimonios y [&hellip;]<\/p>\n","protected":false},"author":1,"featured_media":21733,"comment_status":"open","ping_status":"open","sticky":false,"template":"","format":"standard","meta":{"_monsterinsights_skip_tracking":false,"_monsterinsights_sitenote_active":false,"_monsterinsights_sitenote_note":"","_monsterinsights_sitenote_category":0,"footnotes":""},"categories":[1],"tags":[],"_links":{"self":[{"href":"https:\/\/zonalimitrofe-cbnr.com\/index.php\/wp-json\/wp\/v2\/posts\/21732"}],"collection":[{"href":"https:\/\/zonalimitrofe-cbnr.com\/index.php\/wp-json\/wp\/v2\/posts"}],"about":[{"href":"https:\/\/zonalimitrofe-cbnr.com\/index.php\/wp-json\/wp\/v2\/types\/post"}],"author":[{"embeddable":true,"href":"https:\/\/zonalimitrofe-cbnr.com\/index.php\/wp-json\/wp\/v2\/users\/1"}],"replies":[{"embeddable":true,"href":"https:\/\/zonalimitrofe-cbnr.com\/index.php\/wp-json\/wp\/v2\/comments?post=21732"}],"version-history":[{"count":1,"href":"https:\/\/zonalimitrofe-cbnr.com\/index.php\/wp-json\/wp\/v2\/posts\/21732\/revisions"}],"predecessor-version":[{"id":21734,"href":"https:\/\/zonalimitrofe-cbnr.com\/index.php\/wp-json\/wp\/v2\/posts\/21732\/revisions\/21734"}],"wp:featuredmedia":[{"embeddable":true,"href":"https:\/\/zonalimitrofe-cbnr.com\/index.php\/wp-json\/wp\/v2\/media\/21733"}],"wp:attachment":[{"href":"https:\/\/zonalimitrofe-cbnr.com\/index.php\/wp-json\/wp\/v2\/media?parent=21732"}],"wp:term":[{"taxonomy":"category","embeddable":true,"href":"https:\/\/zonalimitrofe-cbnr.com\/index.php\/wp-json\/wp\/v2\/categories?post=21732"},{"taxonomy":"post_tag","embeddable":true,"href":"https:\/\/zonalimitrofe-cbnr.com\/index.php\/wp-json\/wp\/v2\/tags?post=21732"}],"curies":[{"name":"wp","href":"https:\/\/api.w.org\/{rel}","templated":true}]}}