{"id":21698,"date":"2025-06-20T18:14:03","date_gmt":"2025-06-21T00:14:03","guid":{"rendered":"https:\/\/zonalimitrofe-cbnr.com\/?p=21698"},"modified":"2025-06-20T18:14:03","modified_gmt":"2025-06-21T00:14:03","slug":"lerdo-trabaja-instituto-de-discapacidad-lerdo-en-adaptacion-de-sillas-de-ruedas","status":"publish","type":"post","link":"https:\/\/zonalimitrofe-cbnr.com\/index.php\/2025\/06\/20\/lerdo-trabaja-instituto-de-discapacidad-lerdo-en-adaptacion-de-sillas-de-ruedas\/","title":{"rendered":"#Lerdo. TRABAJA INSTITUTO DE DISCAPACIDAD LERDO EN ADAPTACI\u00d3N DE SILLAS DE RUEDAS*"},"content":{"rendered":"\n<p>Lerdo, 20 de junio 2025.- La directora del Instituto Municipal para el Desarrollo y la Inclusi\u00f3n de Personas con Discapacidad en Lerdo, Karimme Lizeth Calder\u00f3n Cer\u00f3n, dio a conocer que durante esta semana se visit\u00f3 el Centro de Atenciones M\u00faltiples (CAM) Margarita Maza de Ju\u00e1rez y a pacientes con discapacidad de la colonia Francisco Villa como parte del monitoreo de personas que usan sillas de ruedas.<\/p>\n\n\n\n<p>La funcionaria hizo hincapi\u00e9 que mediante estas visitas de control se revisa si las sillas de ruedas requieren adaptaciones espec\u00edficas para la condici\u00f3n de cada persona, si es el caso se personaliza.<\/p>\n\n\n\n<p>Adem\u00e1s, las especialistas del Instituto en terapia f\u00edsica, conversan con los padres de familia para concientizarles sobre la importancia de que sus hijos con discapacidad mantengan una buena postura y eviten complicaciones al utilizar material reciclado como esponjas, pl\u00e1sticos, ligas, velcro, tela, entre otros art\u00edculos. Hizo \u00e9nfasis en que no es recomendable.<\/p>\n\n\n\n<p>La titular de la dependencia municipal dijo que se continuar\u00e1n con las visitas, pues la instrucci\u00f3n del Presidente Municipal Homero Mart\u00ednez Cabrera es brindar la mejor de las atenciones a las personas con discapacidad y sus familias para mejorar su calidad de vida.<\/p>\n","protected":false},"excerpt":{"rendered":"<p>Lerdo, 20 de junio 2025.- La directora del Instituto Municipal para el Desarrollo y la Inclusi\u00f3n de Personas con Discapacidad en Lerdo, Karimme Lizeth Calder\u00f3n Cer\u00f3n, dio a conocer que durante esta semana se visit\u00f3 el Centro de Atenciones M\u00faltiples (CAM) Margarita Maza de Ju\u00e1rez y a pacientes con discapacidad de la colonia Francisco Villa [&hellip;]<\/p>\n","protected":false},"author":1,"featured_media":21699,"comment_status":"open","ping_status":"open","sticky":false,"template":"","format":"standard","meta":{"_monsterinsights_skip_tracking":false,"_monsterinsights_sitenote_active":false,"_monsterinsights_sitenote_note":"","_monsterinsights_sitenote_category":0,"footnotes":""},"categories":[1],"tags":[],"_links":{"self":[{"href":"https:\/\/zonalimitrofe-cbnr.com\/index.php\/wp-json\/wp\/v2\/posts\/21698"}],"collection":[{"href":"https:\/\/zonalimitrofe-cbnr.com\/index.php\/wp-json\/wp\/v2\/posts"}],"about":[{"href":"https:\/\/zonalimitrofe-cbnr.com\/index.php\/wp-json\/wp\/v2\/types\/post"}],"author":[{"embeddable":true,"href":"https:\/\/zonalimitrofe-cbnr.com\/index.php\/wp-json\/wp\/v2\/users\/1"}],"replies":[{"embeddable":true,"href":"https:\/\/zonalimitrofe-cbnr.com\/index.php\/wp-json\/wp\/v2\/comments?post=21698"}],"version-history":[{"count":1,"href":"https:\/\/zonalimitrofe-cbnr.com\/index.php\/wp-json\/wp\/v2\/posts\/21698\/revisions"}],"predecessor-version":[{"id":21700,"href":"https:\/\/zonalimitrofe-cbnr.com\/index.php\/wp-json\/wp\/v2\/posts\/21698\/revisions\/21700"}],"wp:featuredmedia":[{"embeddable":true,"href":"https:\/\/zonalimitrofe-cbnr.com\/index.php\/wp-json\/wp\/v2\/media\/21699"}],"wp:attachment":[{"href":"https:\/\/zonalimitrofe-cbnr.com\/index.php\/wp-json\/wp\/v2\/media?parent=21698"}],"wp:term":[{"taxonomy":"category","embeddable":true,"href":"https:\/\/zonalimitrofe-cbnr.com\/index.php\/wp-json\/wp\/v2\/categories?post=21698"},{"taxonomy":"post_tag","embeddable":true,"href":"https:\/\/zonalimitrofe-cbnr.com\/index.php\/wp-json\/wp\/v2\/tags?post=21698"}],"curies":[{"name":"wp","href":"https:\/\/api.w.org\/{rel}","templated":true}]}}