{"id":21680,"date":"2025-06-20T17:51:15","date_gmt":"2025-06-20T23:51:15","guid":{"rendered":"https:\/\/zonalimitrofe-cbnr.com\/?p=21680"},"modified":"2025-06-20T17:51:15","modified_gmt":"2025-06-20T23:51:15","slug":"gp-concluyen-sus-estudios-de-educacion-primaria-12-ninos-del-internado-francisco-zarco","status":"publish","type":"post","link":"https:\/\/zonalimitrofe-cbnr.com\/index.php\/2025\/06\/20\/gp-concluyen-sus-estudios-de-educacion-primaria-12-ninos-del-internado-francisco-zarco\/","title":{"rendered":"#GP. Concluyen sus estudios de educaci\u00f3n primaria 12 ni\u00f1os del Internado Francisco Zarco*"},"content":{"rendered":"\n<p>El Ayuntamiento de G\u00f3mez Palacio, a trav\u00e9s del Sistema para el Desarrollo Integral de la Familia (DIF), informa que 12 alumnos del Internado Francisco Zarco concluir\u00e1n sus estudios de educaci\u00f3n primaria en la escuela \u201cEulalia de la Hoya Enr\u00edquez\u201d, motivo por el cual se celebrar\u00e1 una ceremonia de graduaci\u00f3n para despedirse de sus maestros y compa\u00f1eros.<\/p>\n\n\n\n<p>Brenda Calder\u00f3n Carrete, directora del DIF Municipal, record\u00f3 que esta escuela opera dentro de las instalaciones del internado, lo que permite a ni\u00f1as y ni\u00f1os recibir su formaci\u00f3n acad\u00e9mica sin necesidad de salir del recinto.<\/p>\n\n\n\n<p>Indic\u00f3 que la ceremonia se llevar\u00e1 a cabo en la explanada del internado, donde se reunir\u00e1n alumnos, padres de familia, padrinos y personal docente para conmemorar este importante logro.<\/p>\n\n\n\n<p>Calder\u00f3n Carrete reiter\u00f3 que la Presidenta Municipal, Leticia Herrera Ale, ha instruido al DIF a velar por el inter\u00e9s superior de la ni\u00f1ez gomezpalatina, especialmente de los sectores m\u00e1s vulnerables, como es el caso de los menores que asisten a este internado. A ellos se les brinda apoyo integral en su formaci\u00f3n acad\u00e9mica, alojamiento durante la semana y actividades complementarias, para que regresen con sus familias los fines de semana.<\/p>\n\n\n\n<p>Destac\u00f3 que, durante su estancia en el Internado Francisco Zarco, ni\u00f1as y ni\u00f1os reciben atenci\u00f3n integral por parte del personal del DIF, que promueve su desarrollo y garantiza la protecci\u00f3n de sus derechos. Adem\u00e1s de educaci\u00f3n, se les proporciona alimentaci\u00f3n, actividades recreativas, culturales y deportivas, as\u00ed como atenci\u00f3n m\u00e9dica, jur\u00eddica y psicol\u00f3gica, con lo cual se mejora significativamente su calidad de vida.<\/p>\n","protected":false},"excerpt":{"rendered":"<p>El Ayuntamiento de G\u00f3mez Palacio, a trav\u00e9s del Sistema para el Desarrollo Integral de la Familia (DIF), informa que 12 alumnos del Internado Francisco Zarco concluir\u00e1n sus estudios de educaci\u00f3n primaria en la escuela \u201cEulalia de la Hoya Enr\u00edquez\u201d, motivo por el cual se celebrar\u00e1 una ceremonia de graduaci\u00f3n para despedirse de sus maestros y [&hellip;]<\/p>\n","protected":false},"author":1,"featured_media":21681,"comment_status":"open","ping_status":"open","sticky":false,"template":"","format":"standard","meta":{"_monsterinsights_skip_tracking":false,"_monsterinsights_sitenote_active":false,"_monsterinsights_sitenote_note":"","_monsterinsights_sitenote_category":0,"footnotes":""},"categories":[1],"tags":[],"_links":{"self":[{"href":"https:\/\/zonalimitrofe-cbnr.com\/index.php\/wp-json\/wp\/v2\/posts\/21680"}],"collection":[{"href":"https:\/\/zonalimitrofe-cbnr.com\/index.php\/wp-json\/wp\/v2\/posts"}],"about":[{"href":"https:\/\/zonalimitrofe-cbnr.com\/index.php\/wp-json\/wp\/v2\/types\/post"}],"author":[{"embeddable":true,"href":"https:\/\/zonalimitrofe-cbnr.com\/index.php\/wp-json\/wp\/v2\/users\/1"}],"replies":[{"embeddable":true,"href":"https:\/\/zonalimitrofe-cbnr.com\/index.php\/wp-json\/wp\/v2\/comments?post=21680"}],"version-history":[{"count":1,"href":"https:\/\/zonalimitrofe-cbnr.com\/index.php\/wp-json\/wp\/v2\/posts\/21680\/revisions"}],"predecessor-version":[{"id":21682,"href":"https:\/\/zonalimitrofe-cbnr.com\/index.php\/wp-json\/wp\/v2\/posts\/21680\/revisions\/21682"}],"wp:featuredmedia":[{"embeddable":true,"href":"https:\/\/zonalimitrofe-cbnr.com\/index.php\/wp-json\/wp\/v2\/media\/21681"}],"wp:attachment":[{"href":"https:\/\/zonalimitrofe-cbnr.com\/index.php\/wp-json\/wp\/v2\/media?parent=21680"}],"wp:term":[{"taxonomy":"category","embeddable":true,"href":"https:\/\/zonalimitrofe-cbnr.com\/index.php\/wp-json\/wp\/v2\/categories?post=21680"},{"taxonomy":"post_tag","embeddable":true,"href":"https:\/\/zonalimitrofe-cbnr.com\/index.php\/wp-json\/wp\/v2\/tags?post=21680"}],"curies":[{"name":"wp","href":"https:\/\/api.w.org\/{rel}","templated":true}]}}