{"id":2168,"date":"2024-02-24T17:19:45","date_gmt":"2024-02-24T23:19:45","guid":{"rendered":"https:\/\/zonalimitrofe-cbnr.com\/?p=2168"},"modified":"2024-02-24T17:19:45","modified_gmt":"2024-02-24T23:19:45","slug":"durango-conmemora-gobierno-de-esteban-84-aniversario-del-dia-de-la-bandera","status":"publish","type":"post","link":"https:\/\/zonalimitrofe-cbnr.com\/index.php\/2024\/02\/24\/durango-conmemora-gobierno-de-esteban-84-aniversario-del-dia-de-la-bandera\/","title":{"rendered":"#Durango. Conmemora Gobierno de Esteban 84 aniversario del D\u00eda de la Bandera*"},"content":{"rendered":"\n<ul>\n<li><em>Encabez\u00f3 el Secretario General de Gobierno, H\u00e9ctor Vela, el acto c\u00edvico en monumento al l\u00e1baro patrio.<\/em><\/li>\n<\/ul>\n\n\n\n<p>En el marco del 84 Aniversario del D\u00eda de la Bandera, en representaci\u00f3n del gobernador Esteban Villegas, el secretario General de Gobierno, H\u00e9ctor Vela Valenzuela, encabez\u00f3 la ceremonia cargada de simbolismo patrio, donde destac\u00f3 la importancia de los emblemas nacionales como un lazo que une a los duranguenses y mexicanos.<\/p>\n\n\n\n<p>El evento se inaugur\u00f3 con un acto c\u00edvico de solemnidad, donde estudiantes, autoridades y ciudadanos presenciaron el izamiento de la Bandera de M\u00e9xico.<\/p>\n\n\n\n<p>El Secretario de Gobierno pronunci\u00f3 un discurso significativo y resalt\u00f3 la importancia del labaro tricolor como emblema de unidad, honor y compromiso con la patria.<\/p>\n\n\n\n<p>All\u00ed, mencion\u00f3 que en el Gobierno de Esteban Villegas se ha trabajado de manera prioritaria en la promoci\u00f3n de los valores c\u00edvicos como base fundamental para el desarrollo integral de la sociedad.<\/p>\n\n\n\n<p>De igual forma, se premiaron a las escoltas, mejores voces de mando y abanderadas, ganadoras del concurso Estatal y demostraci\u00f3n de Escoltas 2023 \u2013 2024.<\/p>\n\n\n\n<p>Este reconocimiento destaca el esfuerzo y la dedicaci\u00f3n de los participantes en la promoci\u00f3n de los valores c\u00edvicos.<\/p>\n\n\n\n<p>El evento incluy\u00f3 la entonaci\u00f3n de los himnos nacionales, as\u00ed como la entrega de reconocimientos a aquellos que han demostrado un compromiso con la promoci\u00f3n de los valores patrios.<\/p>\n\n\n\n<p>\u201cEn este D\u00eda de la Bandera, el Gobierno de Esteban Villegas, renueva su compromiso con los principios que nuestra ense\u00f1a nacional representa: libertad, justicia, igualdad y unidad; sigamos trabajando para honrar el legado de aquellos que nos precedieron y para asegurar un ma\u00f1ana lleno oportunidades para las generaciones venideras\u201d, puntualiz\u00f3 Vela Valenzuela.<\/p>\n","protected":false},"excerpt":{"rendered":"<p>En el marco del 84 Aniversario del D\u00eda de la Bandera, en representaci\u00f3n del gobernador Esteban Villegas, el secretario General de Gobierno, H\u00e9ctor Vela Valenzuela, encabez\u00f3 la ceremonia cargada de simbolismo patrio, donde destac\u00f3 la importancia de los emblemas nacionales como un lazo que une a los duranguenses y mexicanos. El evento se inaugur\u00f3 con [&hellip;]<\/p>\n","protected":false},"author":1,"featured_media":2144,"comment_status":"open","ping_status":"open","sticky":false,"template":"","format":"standard","meta":{"_monsterinsights_skip_tracking":false,"_monsterinsights_sitenote_active":false,"_monsterinsights_sitenote_note":"","_monsterinsights_sitenote_category":0,"footnotes":""},"categories":[1],"tags":[],"_links":{"self":[{"href":"https:\/\/zonalimitrofe-cbnr.com\/index.php\/wp-json\/wp\/v2\/posts\/2168"}],"collection":[{"href":"https:\/\/zonalimitrofe-cbnr.com\/index.php\/wp-json\/wp\/v2\/posts"}],"about":[{"href":"https:\/\/zonalimitrofe-cbnr.com\/index.php\/wp-json\/wp\/v2\/types\/post"}],"author":[{"embeddable":true,"href":"https:\/\/zonalimitrofe-cbnr.com\/index.php\/wp-json\/wp\/v2\/users\/1"}],"replies":[{"embeddable":true,"href":"https:\/\/zonalimitrofe-cbnr.com\/index.php\/wp-json\/wp\/v2\/comments?post=2168"}],"version-history":[{"count":1,"href":"https:\/\/zonalimitrofe-cbnr.com\/index.php\/wp-json\/wp\/v2\/posts\/2168\/revisions"}],"predecessor-version":[{"id":2169,"href":"https:\/\/zonalimitrofe-cbnr.com\/index.php\/wp-json\/wp\/v2\/posts\/2168\/revisions\/2169"}],"wp:featuredmedia":[{"embeddable":true,"href":"https:\/\/zonalimitrofe-cbnr.com\/index.php\/wp-json\/wp\/v2\/media\/2144"}],"wp:attachment":[{"href":"https:\/\/zonalimitrofe-cbnr.com\/index.php\/wp-json\/wp\/v2\/media?parent=2168"}],"wp:term":[{"taxonomy":"category","embeddable":true,"href":"https:\/\/zonalimitrofe-cbnr.com\/index.php\/wp-json\/wp\/v2\/categories?post=2168"},{"taxonomy":"post_tag","embeddable":true,"href":"https:\/\/zonalimitrofe-cbnr.com\/index.php\/wp-json\/wp\/v2\/tags?post=2168"}],"curies":[{"name":"wp","href":"https:\/\/api.w.org\/{rel}","templated":true}]}}