{"id":21662,"date":"2025-06-20T17:07:41","date_gmt":"2025-06-20T23:07:41","guid":{"rendered":"https:\/\/zonalimitrofe-cbnr.com\/?p=21662"},"modified":"2025-06-20T17:07:41","modified_gmt":"2025-06-20T23:07:41","slug":"lerdo-promueven-cuidado-del-agua-y-el-medio-ambiente-en-secundaria-flores-magon","status":"publish","type":"post","link":"https:\/\/zonalimitrofe-cbnr.com\/index.php\/2025\/06\/20\/lerdo-promueven-cuidado-del-agua-y-el-medio-ambiente-en-secundaria-flores-magon\/","title":{"rendered":"#Lerdo. PROMUEVEN CUIDADO DEL AGUA Y EL MEDIO AMBIENTE EN SECUNDARIA FLORES MAG\u00d3N*"},"content":{"rendered":"\n<ul>\n<li>El departamento de Cultura del Agua don\u00f3 \u00e1rboles al plantel educativo para su reforestaci\u00f3n.<\/li>\n<\/ul>\n\n\n\n<p>Lerdo, 20 de junio 2025.- El departamento de Cultura del Agua en Lerdo, visit\u00f3 la Escuela Secundaria Ricardo Flores Mag\u00f3n, para sensibilizar a los alumnos respecto al cuidado del medio ambiente, el agua, la flora y la fauna en la regi\u00f3n.<\/p>\n\n\n\n<p>La titular del departamento, Guadalupe Badillo, comparti\u00f3 que en respuesta a la invitaci\u00f3n de la directora del plantel educativo, la Maestra Ang\u00e9lica Salazar, el personal de Cultura del Agua se sum\u00f3 al proyecto &#8220;Sembrando Conciencias: un camino a la sustentabilidad\u201d, brindando a los m\u00e1s de 400 alumnos del tercer grado del Turno Matutino, charlas encaminadas al objetivo principal del proyecto, que es generar conciencia en el cuidado del medio ambiente.<\/p>\n\n\n\n<p>As\u00ed mismo, con el apoyo de la direcci\u00f3n de Medio Ambiente y Ecolog\u00eda, se don\u00f3 a la escuela secundaria diferentes ejemplares de \u00e1rboles para su plantaci\u00f3n, donde los alumnos se comprometieron a su cuidado y riego con \u201clluvia s\u00f3lida\u201d, un m\u00e9todo que utiliza hidrogeles para mejorar la retenci\u00f3n de agua en el suelo y reducir la frecuencia de riego.<\/p>\n\n\n\n<p>La funcionaria reconoci\u00f3 que la escuela fomente entre los j\u00f3venes el cuidado del medio ambiente, a trav\u00e9s de este tipo de acciones, como la separaci\u00f3n de la basura, el reciclaje y la preservaci\u00f3n del ecosistema.<\/p>\n\n\n\n<p>Posteriormente, alumnos de primer grado de la instituci\u00f3n acudieron al Centro Regional de Educaci\u00f3n para la Conservaci\u00f3n (CRECO), ah\u00ed a trav\u00e9s de la Feria del Conocimiento, se brindaron pl\u00e1ticas interactivas sobre la disponibilidad del agua, los humedales y la huella h\u00eddrica por parte de Cultura del Agua, mientras que los encargados del CRECO expusieron el tema de \u2018Ca\u00f1\u00f3n de Fern\u00e1ndez y \u00e1reas naturales protegidas (ANP)\u2019.<\/p>\n\n\n\n<p>A trav\u00e9s de juegos l\u00fadicos, los alumnos conocieron la cantidad de agua que se utiliza para la producci\u00f3n de algunos alimentos, la flora y fauna que habita en el Desierto Chihuahuense, y se les brind\u00f3 un recorrido por las instalaciones del CRECO: el jard\u00edn polinizador, el serpentario, el jard\u00edn bot\u00e1nico, y la esfera de la ciencia.<\/p>\n\n\n\n<p>Finalmente, la funcionaria comparti\u00f3 que el Presidente Municipal Homero Mart\u00ednez Cabrera es el m\u00e1s interesado en promover el cuidado del agua y del medio ambiente a trav\u00e9s de estas actividades dirigidas a la comunidad lerdense.<\/p>\n\n\n\n<p>Agreg\u00f3 que las escuelas interesadas en visitar el CRECO o solicitar una pl\u00e1tica, pueden enviar un mensaje (inbox) a la p\u00e1gina de Facebook \u201cSapal Cultura del Agua\u201d.<\/p>\n","protected":false},"excerpt":{"rendered":"<p>Lerdo, 20 de junio 2025.- El departamento de Cultura del Agua en Lerdo, visit\u00f3 la Escuela Secundaria Ricardo Flores Mag\u00f3n, para sensibilizar a los alumnos respecto al cuidado del medio ambiente, el agua, la flora y la fauna en la regi\u00f3n. La titular del departamento, Guadalupe Badillo, comparti\u00f3 que en respuesta a la invitaci\u00f3n de [&hellip;]<\/p>\n","protected":false},"author":1,"featured_media":21663,"comment_status":"open","ping_status":"open","sticky":false,"template":"","format":"standard","meta":{"_monsterinsights_skip_tracking":false,"_monsterinsights_sitenote_active":false,"_monsterinsights_sitenote_note":"","_monsterinsights_sitenote_category":0,"footnotes":""},"categories":[1],"tags":[],"_links":{"self":[{"href":"https:\/\/zonalimitrofe-cbnr.com\/index.php\/wp-json\/wp\/v2\/posts\/21662"}],"collection":[{"href":"https:\/\/zonalimitrofe-cbnr.com\/index.php\/wp-json\/wp\/v2\/posts"}],"about":[{"href":"https:\/\/zonalimitrofe-cbnr.com\/index.php\/wp-json\/wp\/v2\/types\/post"}],"author":[{"embeddable":true,"href":"https:\/\/zonalimitrofe-cbnr.com\/index.php\/wp-json\/wp\/v2\/users\/1"}],"replies":[{"embeddable":true,"href":"https:\/\/zonalimitrofe-cbnr.com\/index.php\/wp-json\/wp\/v2\/comments?post=21662"}],"version-history":[{"count":1,"href":"https:\/\/zonalimitrofe-cbnr.com\/index.php\/wp-json\/wp\/v2\/posts\/21662\/revisions"}],"predecessor-version":[{"id":21664,"href":"https:\/\/zonalimitrofe-cbnr.com\/index.php\/wp-json\/wp\/v2\/posts\/21662\/revisions\/21664"}],"wp:featuredmedia":[{"embeddable":true,"href":"https:\/\/zonalimitrofe-cbnr.com\/index.php\/wp-json\/wp\/v2\/media\/21663"}],"wp:attachment":[{"href":"https:\/\/zonalimitrofe-cbnr.com\/index.php\/wp-json\/wp\/v2\/media?parent=21662"}],"wp:term":[{"taxonomy":"category","embeddable":true,"href":"https:\/\/zonalimitrofe-cbnr.com\/index.php\/wp-json\/wp\/v2\/categories?post=21662"},{"taxonomy":"post_tag","embeddable":true,"href":"https:\/\/zonalimitrofe-cbnr.com\/index.php\/wp-json\/wp\/v2\/tags?post=21662"}],"curies":[{"name":"wp","href":"https:\/\/api.w.org\/{rel}","templated":true}]}}