{"id":21656,"date":"2025-06-19T16:07:24","date_gmt":"2025-06-19T22:07:24","guid":{"rendered":"https:\/\/zonalimitrofe-cbnr.com\/?p=21656"},"modified":"2025-06-19T16:07:25","modified_gmt":"2025-06-19T22:07:25","slug":"durango-especialistas-reconocen-a-durango-como-referente-nacional-en-salud-gracias-al-impulso-de-esteban-y-marisol","status":"publish","type":"post","link":"https:\/\/zonalimitrofe-cbnr.com\/index.php\/2025\/06\/19\/durango-especialistas-reconocen-a-durango-como-referente-nacional-en-salud-gracias-al-impulso-de-esteban-y-marisol\/","title":{"rendered":"#Durango. Especialistas reconocen a Durango como referente nacional en salud gracias al impulso de Esteban y Marisol*"},"content":{"rendered":"\n<ul>\n<li>_ M\u00e1s de 800 especialistas participaron en el Congreso Nacional de Epilepsia 2025, realizado en la capital duranguense._<\/li>\n\n\n\n<li><em>Reconocen el modelo integral de atenci\u00f3n de Gobierno y DIF estatal como ejemplo nacional en coordinaci\u00f3n y resultados.<\/em><\/li>\n<\/ul>\n\n\n\n<p>Durango reafirma su liderazgo nacional en salud con la realizaci\u00f3n del Congreso Nacional de Epilepsia 2025, que reuni\u00f3 a m\u00e1s de 800 asistentes y especialistas de alto nivel. Gracias al impulso del gobernador Esteban Villegas Villarreal y de Marisol Rosso, presidenta del DIF Estatal, el estado ha brindado m\u00e1s de mil 400 atenciones en tres a\u00f1os, consolidando un modelo de atenci\u00f3n integral. Expertos reconocieron el compromiso interinstitucional y el trabajo coordinado que hoy posiciona a nuestra entidad como ejemplo a nivel nacional.<\/p>\n\n\n\n<p>Durante el evento, el Dr. Juan Carlos Res\u00e9ndiz Aparicio, coordinador nacional del Programa Prioritario de Epilepsia (PPE), destac\u00f3 la magnitud del padecimiento en M\u00e9xico, con m\u00e1s de dos millones de personas afectadas: \u201cMe parece extraordinario, la suma de esfuerzos hace eventos como estos. S\u00f3lo tengo agradecimiento para las autoridades, tanto del DIF como del Gobierno del Estado, que nos han ayudado mucho a tener esta cobertura. Que Durango sirva como punta de lanza para que todo el pa\u00eds aprenda que el esfuerzo de un grupo de personas puede favorecer al conocimiento\u201d, expres\u00f3.<\/p>\n\n\n\n<p>Por su parte, el neur\u00f3logo Ger\u00f3nimo Aguayo Leiytte resalt\u00f3 el inter\u00e9s genuino de la comunidad m\u00e9dica local en comparaci\u00f3n con otras entidades del pa\u00eds: \u201cYo veo aqu\u00ed, como en pocas ciudades de M\u00e9xico, el verdadero inter\u00e9s, no s\u00f3lo de los m\u00e9dicos, sino tambi\u00e9n de estudiantes de medicina y \u00e1reas afines. Difundir el conocimiento sobre diagn\u00f3stico y tratamiento ser\u00e1 de gran ayuda para sacar este padecimiento de las sombras\u201d, afirm\u00f3.<\/p>\n\n\n\n<p>El especialista Gerardo Arturo Qui\u00f1ones Pesquer\u00eda subray\u00f3 la relevancia del evento, tanto por su ubicaci\u00f3n como por su contenido: \u201cEl conocer la epilepsia como enfermedad es muy importante, y Durango es una sede que realmente nos aporta mucho por ser un lugar c\u00e9ntrico; con eso podemos difundir el mensaje sobre esta y otras enfermedades de la neurociencia\u201d, se\u00f1al\u00f3.<\/p>\n\n\n\n<p>Desde el \u00e1mbito privado, el Dr. Carlos Maa Lares consider\u00f3 que la experiencia vivida en este congreso es equiparable a encuentros internacionales: \u201cEste congreso est\u00e1 fabuloso, con maestros de renombre y mucha ense\u00f1anza para los futuros m\u00e9dicos de Durango. Dice mucho del gran trabajo que han desarrollado y de la sinergia con el DIF. Es un congreso de primer mundo, la verdad qu\u00e9 bonito, y ojal\u00e1 que sigamos as\u00ed\u201d, coment\u00f3.<\/p>\n\n\n\n<p>Con una agenda cient\u00edfica de alto nivel, el Congreso Nacional de Epilepsia no solo fortaleci\u00f3 la capacitaci\u00f3n m\u00e9dica, sino que dej\u00f3 claro que Durango avanza con paso firme en la construcci\u00f3n de un sistema de salud m\u00e1s humano, incluyente y especializado.<\/p>\n","protected":false},"excerpt":{"rendered":"<p>Durango reafirma su liderazgo nacional en salud con la realizaci\u00f3n del Congreso Nacional de Epilepsia 2025, que reuni\u00f3 a m\u00e1s de 800 asistentes y especialistas de alto nivel. Gracias al impulso del gobernador Esteban Villegas Villarreal y de Marisol Rosso, presidenta del DIF Estatal, el estado ha brindado m\u00e1s de mil 400 atenciones en tres [&hellip;]<\/p>\n","protected":false},"author":1,"featured_media":21657,"comment_status":"open","ping_status":"open","sticky":false,"template":"","format":"standard","meta":{"_monsterinsights_skip_tracking":false,"_monsterinsights_sitenote_active":false,"_monsterinsights_sitenote_note":"","_monsterinsights_sitenote_category":0,"footnotes":""},"categories":[1],"tags":[],"_links":{"self":[{"href":"https:\/\/zonalimitrofe-cbnr.com\/index.php\/wp-json\/wp\/v2\/posts\/21656"}],"collection":[{"href":"https:\/\/zonalimitrofe-cbnr.com\/index.php\/wp-json\/wp\/v2\/posts"}],"about":[{"href":"https:\/\/zonalimitrofe-cbnr.com\/index.php\/wp-json\/wp\/v2\/types\/post"}],"author":[{"embeddable":true,"href":"https:\/\/zonalimitrofe-cbnr.com\/index.php\/wp-json\/wp\/v2\/users\/1"}],"replies":[{"embeddable":true,"href":"https:\/\/zonalimitrofe-cbnr.com\/index.php\/wp-json\/wp\/v2\/comments?post=21656"}],"version-history":[{"count":1,"href":"https:\/\/zonalimitrofe-cbnr.com\/index.php\/wp-json\/wp\/v2\/posts\/21656\/revisions"}],"predecessor-version":[{"id":21658,"href":"https:\/\/zonalimitrofe-cbnr.com\/index.php\/wp-json\/wp\/v2\/posts\/21656\/revisions\/21658"}],"wp:featuredmedia":[{"embeddable":true,"href":"https:\/\/zonalimitrofe-cbnr.com\/index.php\/wp-json\/wp\/v2\/media\/21657"}],"wp:attachment":[{"href":"https:\/\/zonalimitrofe-cbnr.com\/index.php\/wp-json\/wp\/v2\/media?parent=21656"}],"wp:term":[{"taxonomy":"category","embeddable":true,"href":"https:\/\/zonalimitrofe-cbnr.com\/index.php\/wp-json\/wp\/v2\/categories?post=21656"},{"taxonomy":"post_tag","embeddable":true,"href":"https:\/\/zonalimitrofe-cbnr.com\/index.php\/wp-json\/wp\/v2\/tags?post=21656"}],"curies":[{"name":"wp","href":"https:\/\/api.w.org\/{rel}","templated":true}]}}