{"id":21639,"date":"2025-06-19T15:51:13","date_gmt":"2025-06-19T21:51:13","guid":{"rendered":"https:\/\/zonalimitrofe-cbnr.com\/?p=21639"},"modified":"2025-06-19T15:51:13","modified_gmt":"2025-06-19T21:51:13","slug":"lerdo-todo-listo-para-la-62a-edicion-de-la-gran-regata-rio-nazas-2025","status":"publish","type":"post","link":"https:\/\/zonalimitrofe-cbnr.com\/index.php\/2025\/06\/19\/lerdo-todo-listo-para-la-62a-edicion-de-la-gran-regata-rio-nazas-2025\/","title":{"rendered":"#Lerdo. TODO LISTO PARA LA 62\u00aa EDICI\u00d3N DE LA GRAN REGATA R\u00cdO NAZAS 2025*"},"content":{"rendered":"\n<p>Lerdo, 19 de junio de 2025.- Este jueves se dio el banderazo de salida a los participantes de la edici\u00f3n n\u00famero 62 de la Gran Regata R\u00edo Nazas 2025, la cual se desarrollar\u00e1 de manera recreativa y no competitiva, debido a las condiciones del caudal en el presente ciclo agr\u00edcola.<\/p>\n\n\n\n<p>La decisi\u00f3n fue anunciada por los organizadores del evento, quienes explicaron que, ante la falta de una gran corriente de agua en el r\u00edo, se opt\u00f3 por mantener viva la tradici\u00f3n con una edici\u00f3n simb\u00f3lica. El recorrido incluir\u00e1 las localidades de Rodeo, Nazas y Lerdo, Durango.<\/p>\n\n\n\n<p>El evento cuenta con el respaldo del Gobierno Municipal de Lerdo, encabezado por el Presidente Homero Mart\u00ednez Cabrera, as\u00ed como de la Presidenta Electa, Susy Torrecillas Salazar, quienes han mostrado total disposici\u00f3n para que esta edici\u00f3n se lleve a cabo con \u00e9xito. Tambi\u00e9n se agradeci\u00f3 el apoyo de las alcaldesas de Rodeo y Nazas.<\/p>\n\n\n\n<p>En Lerdo, el trayecto ser\u00e1 desde el paraje conocido como \u201cLos Puentes Cuates\u201d hasta el Parque Nacional Raymundo. En esta ocasi\u00f3n, no habr\u00e1 ganadores, ya que todos los participantes ser\u00e1n reconocidos por igual.<\/p>\n\n\n\n<p>Como parte del programa, se celebrar\u00e1 un festival musical en el Parque Raymundo, en un ambiente familiar y festivo. Asimismo, se rendir\u00e1 homenaje a destacados regatistas que han fallecido, entre ellos Eleazar Landeros \u201cEl \u00c1guila\u201d, figura emblem\u00e1tica de esta tradici\u00f3n.<\/p>\n","protected":false},"excerpt":{"rendered":"<p>Lerdo, 19 de junio de 2025.- Este jueves se dio el banderazo de salida a los participantes de la edici\u00f3n n\u00famero 62 de la Gran Regata R\u00edo Nazas 2025, la cual se desarrollar\u00e1 de manera recreativa y no competitiva, debido a las condiciones del caudal en el presente ciclo agr\u00edcola. La decisi\u00f3n fue anunciada por [&hellip;]<\/p>\n","protected":false},"author":1,"featured_media":21640,"comment_status":"open","ping_status":"open","sticky":false,"template":"","format":"standard","meta":{"_monsterinsights_skip_tracking":false,"_monsterinsights_sitenote_active":false,"_monsterinsights_sitenote_note":"","_monsterinsights_sitenote_category":0,"footnotes":""},"categories":[1],"tags":[],"_links":{"self":[{"href":"https:\/\/zonalimitrofe-cbnr.com\/index.php\/wp-json\/wp\/v2\/posts\/21639"}],"collection":[{"href":"https:\/\/zonalimitrofe-cbnr.com\/index.php\/wp-json\/wp\/v2\/posts"}],"about":[{"href":"https:\/\/zonalimitrofe-cbnr.com\/index.php\/wp-json\/wp\/v2\/types\/post"}],"author":[{"embeddable":true,"href":"https:\/\/zonalimitrofe-cbnr.com\/index.php\/wp-json\/wp\/v2\/users\/1"}],"replies":[{"embeddable":true,"href":"https:\/\/zonalimitrofe-cbnr.com\/index.php\/wp-json\/wp\/v2\/comments?post=21639"}],"version-history":[{"count":1,"href":"https:\/\/zonalimitrofe-cbnr.com\/index.php\/wp-json\/wp\/v2\/posts\/21639\/revisions"}],"predecessor-version":[{"id":21641,"href":"https:\/\/zonalimitrofe-cbnr.com\/index.php\/wp-json\/wp\/v2\/posts\/21639\/revisions\/21641"}],"wp:featuredmedia":[{"embeddable":true,"href":"https:\/\/zonalimitrofe-cbnr.com\/index.php\/wp-json\/wp\/v2\/media\/21640"}],"wp:attachment":[{"href":"https:\/\/zonalimitrofe-cbnr.com\/index.php\/wp-json\/wp\/v2\/media?parent=21639"}],"wp:term":[{"taxonomy":"category","embeddable":true,"href":"https:\/\/zonalimitrofe-cbnr.com\/index.php\/wp-json\/wp\/v2\/categories?post=21639"},{"taxonomy":"post_tag","embeddable":true,"href":"https:\/\/zonalimitrofe-cbnr.com\/index.php\/wp-json\/wp\/v2\/tags?post=21639"}],"curies":[{"name":"wp","href":"https:\/\/api.w.org\/{rel}","templated":true}]}}