{"id":21636,"date":"2025-06-19T15:47:43","date_gmt":"2025-06-19T21:47:43","guid":{"rendered":"https:\/\/zonalimitrofe-cbnr.com\/?p=21636"},"modified":"2025-06-19T15:47:44","modified_gmt":"2025-06-19T21:47:44","slug":"torreon-la-unidad-municipal-de-derechos-humanos-se-suma-como-aliada-a-la-marcha-lgbti","status":"publish","type":"post","link":"https:\/\/zonalimitrofe-cbnr.com\/index.php\/2025\/06\/19\/torreon-la-unidad-municipal-de-derechos-humanos-se-suma-como-aliada-a-la-marcha-lgbti\/","title":{"rendered":"#Torre\u00f3n. La Unidad Municipal de Derechos Humanos se suma como aliada a la marcha LGBTI+"},"content":{"rendered":"\n<p>Torre\u00f3n, Coahuila a 19 de junio del 2025<\/p>\n\n\n\n<p>La Unidad Municipal de Derechos Humanos (UMDH), encabezada por su titular Jaqueline L\u00f3pez Garc\u00eda, participar\u00e1 activamente en la pr\u00f3xima Marcha LGBTI+, que se llevar\u00e1 a cabo en Torre\u00f3n el pr\u00f3ximo s\u00e1bado 21 de junio, consolidando su compromiso con la promoci\u00f3n, respeto y defensa de los derechos humanos de todas las personas sin distinci\u00f3n.<\/p>\n\n\n\n<p>En esta ocasi\u00f3n, y a diferencia de a\u00f1os anteriores, la UMDH se integrar\u00e1 de manera directa como aliada de la comunidad LGBTI+, en reconocimiento a su trayectoria de lucha y organizaci\u00f3n, ya que esta marcha se ha llevado a cabo de manera aut\u00f3noma durante aproximadamente 18 a\u00f1os.<\/p>\n\n\n\n<p>\u201cEsta participaci\u00f3n institucional representa un paso significativo en el fortalecimiento de la relaci\u00f3n entre las autoridades municipales y la ciudadan\u00eda diversa, promoviendo el respeto a la igualdad y la no discriminaci\u00f3n\u201d, mencion\u00f3 la titular de la Unidad.<\/p>\n\n\n\n<p>Como parte de esta colaboraci\u00f3n, la UMDH instalar\u00e1 un stand informativo en la explanada de la Plaza Mayor durante el evento, en el que se brindar\u00e1 orientaci\u00f3n sobre los derechos de las personas LGBTI+ mediante actividades y din\u00e1micas.<\/p>\n\n\n\n<p>El objetivo es sensibilizar, educar y empoderar a la comunidad en torno a los derechos adquiridos y a los desaf\u00edos que a\u00fan persisten en la construcci\u00f3n de una sociedad m\u00e1s justa e incluyente, agreg\u00f3 la funcionaria.<\/p>\n\n\n\n<p>Al respecto, la regidora Jennifer Miroshlava Mu\u00f1oz Rivas, presidenta de la Comisi\u00f3n de Derechos Humanos e Igualdad de G\u00e9nero en el Ayuntamiento, expres\u00f3 que \u201ccomo gobierno, es nuestra responsabilidad acompa\u00f1ar y respaldar a todas las personas en la defensa de su dignidad y sus derechos. La participaci\u00f3n activa en esta marcha es un acto de reconocimiento, pero tambi\u00e9n un compromiso con la inclusi\u00f3n, la equidad y el respeto a la diversidad.\u201d<\/p>\n\n\n\n<p>La marcha conmemora d\u00e9cadas de lucha por la igualdad, visibiliza los logros obtenidos como el matrimonio igualitario y el derecho a la adopci\u00f3n por parte de parejas homoparentales, y reafirma el compromiso colectivo por seguir avanzando en la garant\u00eda plena de derechos para todas las personas.<\/p>\n\n\n\n<p>De esta forma, la Administraci\u00f3n Municipal ratifica tambi\u00e9n su compromiso por promover entornos de respeto e igualdad.<\/p>\n","protected":false},"excerpt":{"rendered":"<p>Torre\u00f3n, Coahuila a 19 de junio del 2025 La Unidad Municipal de Derechos Humanos (UMDH), encabezada por su titular Jaqueline L\u00f3pez Garc\u00eda, participar\u00e1 activamente en la pr\u00f3xima Marcha LGBTI+, que se llevar\u00e1 a cabo en Torre\u00f3n el pr\u00f3ximo s\u00e1bado 21 de junio, consolidando su compromiso con la promoci\u00f3n, respeto y defensa de los derechos humanos [&hellip;]<\/p>\n","protected":false},"author":1,"featured_media":21637,"comment_status":"open","ping_status":"open","sticky":false,"template":"","format":"standard","meta":{"_monsterinsights_skip_tracking":false,"_monsterinsights_sitenote_active":false,"_monsterinsights_sitenote_note":"","_monsterinsights_sitenote_category":0,"footnotes":""},"categories":[1],"tags":[],"_links":{"self":[{"href":"https:\/\/zonalimitrofe-cbnr.com\/index.php\/wp-json\/wp\/v2\/posts\/21636"}],"collection":[{"href":"https:\/\/zonalimitrofe-cbnr.com\/index.php\/wp-json\/wp\/v2\/posts"}],"about":[{"href":"https:\/\/zonalimitrofe-cbnr.com\/index.php\/wp-json\/wp\/v2\/types\/post"}],"author":[{"embeddable":true,"href":"https:\/\/zonalimitrofe-cbnr.com\/index.php\/wp-json\/wp\/v2\/users\/1"}],"replies":[{"embeddable":true,"href":"https:\/\/zonalimitrofe-cbnr.com\/index.php\/wp-json\/wp\/v2\/comments?post=21636"}],"version-history":[{"count":1,"href":"https:\/\/zonalimitrofe-cbnr.com\/index.php\/wp-json\/wp\/v2\/posts\/21636\/revisions"}],"predecessor-version":[{"id":21638,"href":"https:\/\/zonalimitrofe-cbnr.com\/index.php\/wp-json\/wp\/v2\/posts\/21636\/revisions\/21638"}],"wp:featuredmedia":[{"embeddable":true,"href":"https:\/\/zonalimitrofe-cbnr.com\/index.php\/wp-json\/wp\/v2\/media\/21637"}],"wp:attachment":[{"href":"https:\/\/zonalimitrofe-cbnr.com\/index.php\/wp-json\/wp\/v2\/media?parent=21636"}],"wp:term":[{"taxonomy":"category","embeddable":true,"href":"https:\/\/zonalimitrofe-cbnr.com\/index.php\/wp-json\/wp\/v2\/categories?post=21636"},{"taxonomy":"post_tag","embeddable":true,"href":"https:\/\/zonalimitrofe-cbnr.com\/index.php\/wp-json\/wp\/v2\/tags?post=21636"}],"curies":[{"name":"wp","href":"https:\/\/api.w.org\/{rel}","templated":true}]}}