{"id":21627,"date":"2025-06-19T15:36:53","date_gmt":"2025-06-19T21:36:53","guid":{"rendered":"https:\/\/zonalimitrofe-cbnr.com\/?p=21627"},"modified":"2025-06-19T15:36:53","modified_gmt":"2025-06-19T21:36:53","slug":"torreon-roman-alberto-cepeda-gonzalez-firma-convenio-de-colaboracion-con-la-ibero-torreon-en-favor-de-las-mujeres","status":"publish","type":"post","link":"https:\/\/zonalimitrofe-cbnr.com\/index.php\/2025\/06\/19\/torreon-roman-alberto-cepeda-gonzalez-firma-convenio-de-colaboracion-con-la-ibero-torreon-en-favor-de-las-mujeres\/","title":{"rendered":"#Torre\u00f3n. Rom\u00e1n Alberto Cepeda Gonz\u00e1lez firma convenio de colaboraci\u00f3n con la Ibero Torre\u00f3n, en favor de las mujeres"},"content":{"rendered":"\n<p>Torre\u00f3n, Coahuila. A 19 de junio de 2025<\/p>\n\n\n\n<p>El alcalde Rom\u00e1n Alberto Cepeda Gonz\u00e1lez firm\u00f3 este jueves un convenio con la Ibero Torre\u00f3n, con el objetivo de formar una alianza en favor del empoderamiento de las mujeres, a trav\u00e9s de talleres y capacitaciones que les ayuden a lograr una independencia econ\u00f3mica y un mayor desarrollo personal.<\/p>\n\n\n\n<p>El convenio qued\u00f3 establecido a trav\u00e9s del Instituto Municipal de la Mujer (IMM).<\/p>\n\n\n\n<p>El Presidente Municipal dijo que el empoderamiento de la mujer se refleja no solo en el aspecto econ\u00f3mico, sino en el rol que llevan en la familia para la construcci\u00f3n de un futuro mejor, a partir de la educaci\u00f3n que dan a los j\u00f3venes.<\/p>\n\n\n\n<p>\u201cEl tema del empoderamiento de la mujer debemos concebirlo como un compromiso en el que participamos todos los \u00f3rdenes de Gobierno y del sector educativo. En el 93 por ciento de los hogares de Torre\u00f3n la mujer tiene una participaci\u00f3n econ\u00f3mica, por eso es importante el brindarles m\u00e1s herramientas de capacitaci\u00f3n\u201d.<\/p>\n\n\n\n<p>Adem\u00e1s, Cepeda Gonz\u00e1lez dijo que Torre\u00f3n es el municipio que m\u00e1s le invierte a seguridad, y destac\u00f3 que su Administraci\u00f3n tambi\u00e9n est\u00e1 trabajando desde la prevenci\u00f3n, con la rehabilitaci\u00f3n de espacios p\u00fablicos para promover la convivencia, la comunidad y el deporte.<\/p>\n\n\n\n<p>En ese sentido, dijo que parte fundamental de la construcci\u00f3n de la paz en Torre\u00f3n, es la educaci\u00f3n en el hogar, con la intervenci\u00f3n de las madres. \u201cPor eso el empoderamiento de la mujer nos va a dar la construcci\u00f3n de la paz, y la mujer est\u00e1 tomando m\u00e1s participaci\u00f3n en el mercado laboral, as\u00ed que es un tema integral\u201d.<\/p>\n\n\n\n<p>Por su parte, Amira Luc\u00eda Darwich Garc\u00eda, directora general del Instituto Municipal de la Mujer (IMM), agradeci\u00f3 al Alcalde por el apoyo incondicional al organismo, y a la Ibero Torre\u00f3n por sumarse a los esfuerzos de la Administraci\u00f3n Municipal.<\/p>\n\n\n\n<p>Explic\u00f3 que el acuerdo contempla que estudiantes de la Ibero puedan realizar servicio social y pr\u00e1cticas profesionales en el IMM, intercambio de informaci\u00f3n y material acad\u00e9mico, difusi\u00f3n de eventos y proyectos entre ambas partes, asesor\u00eda mutua, asistencia t\u00e9cnica y uso compartido de instalaciones.<\/p>\n\n\n\n<p>Asimismo, el Instituto de la Mujer capacitar\u00e1 al personal docente y administrativo de la Universidad en temas de violencia de g\u00e9nero, y la Ibero ofrecer\u00e1 talleres para las Emprendedoras y p\u00fablico sobre manejo de finanzas y redes sociales.<\/p>\n\n\n\n<p>En el IMM hay un padr\u00f3n de 185 emprendedoras y se ha capacitado a 823 mujeres en diferentes oficios.<\/p>\n\n\n\n<p>\u201cMil 919 mujeres han sido atendidas con casos de violencia y estamos por firmar otros convenios para tener una sinergia como sociedad y con otras dependencias para disminuir estos casos\u201d, mencion\u00f3 la directora.<\/p>\n\n\n\n<p>Juan Luis Hern\u00e1ndez Avenda\u00f1o, rector de la Universidad Iberoamericana Torre\u00f3n, resalt\u00f3 que el convenio re\u00fane tres prop\u00f3sitos: hacer alianzas con los diferentes \u00f3rdenes de Gobierno que coincidan en agendas para empoderar a las personas, en este caso a las mujeres, con el objetivo ayudar a formar una mejor sociedad; la construcci\u00f3n de paz en todos los niveles; y capacitar a las mujeres una vez que logren salir del c\u00edrculo de violencia.<\/p>\n\n\n\n<p>Estuvieron tambi\u00e9n presentes: Jos\u00e9 Ganem Guerrero, secretario del Ayuntamiento; Miroshlava Mu\u00f1oz Rivas, presidenta de la Comisi\u00f3n de Derechos Humanos e Igualdad de G\u00e9nero; Andrea Nayelly C\u00e1rdenas Morante, directora general del Medio Universitario; Luz Mar\u00eda L\u00f3pez Meza, coordinadora del Programa de Econom\u00eda Social y Solidaria y Coordinadora del Incidencia Social.<\/p>\n","protected":false},"excerpt":{"rendered":"<p>Torre\u00f3n, Coahuila. A 19 de junio de 2025 El alcalde Rom\u00e1n Alberto Cepeda Gonz\u00e1lez firm\u00f3 este jueves un convenio con la Ibero Torre\u00f3n, con el objetivo de formar una alianza en favor del empoderamiento de las mujeres, a trav\u00e9s de talleres y capacitaciones que les ayuden a lograr una independencia econ\u00f3mica y un mayor desarrollo [&hellip;]<\/p>\n","protected":false},"author":1,"featured_media":21628,"comment_status":"open","ping_status":"open","sticky":false,"template":"","format":"standard","meta":{"_monsterinsights_skip_tracking":false,"_monsterinsights_sitenote_active":false,"_monsterinsights_sitenote_note":"","_monsterinsights_sitenote_category":0,"footnotes":""},"categories":[1],"tags":[],"_links":{"self":[{"href":"https:\/\/zonalimitrofe-cbnr.com\/index.php\/wp-json\/wp\/v2\/posts\/21627"}],"collection":[{"href":"https:\/\/zonalimitrofe-cbnr.com\/index.php\/wp-json\/wp\/v2\/posts"}],"about":[{"href":"https:\/\/zonalimitrofe-cbnr.com\/index.php\/wp-json\/wp\/v2\/types\/post"}],"author":[{"embeddable":true,"href":"https:\/\/zonalimitrofe-cbnr.com\/index.php\/wp-json\/wp\/v2\/users\/1"}],"replies":[{"embeddable":true,"href":"https:\/\/zonalimitrofe-cbnr.com\/index.php\/wp-json\/wp\/v2\/comments?post=21627"}],"version-history":[{"count":1,"href":"https:\/\/zonalimitrofe-cbnr.com\/index.php\/wp-json\/wp\/v2\/posts\/21627\/revisions"}],"predecessor-version":[{"id":21629,"href":"https:\/\/zonalimitrofe-cbnr.com\/index.php\/wp-json\/wp\/v2\/posts\/21627\/revisions\/21629"}],"wp:featuredmedia":[{"embeddable":true,"href":"https:\/\/zonalimitrofe-cbnr.com\/index.php\/wp-json\/wp\/v2\/media\/21628"}],"wp:attachment":[{"href":"https:\/\/zonalimitrofe-cbnr.com\/index.php\/wp-json\/wp\/v2\/media?parent=21627"}],"wp:term":[{"taxonomy":"category","embeddable":true,"href":"https:\/\/zonalimitrofe-cbnr.com\/index.php\/wp-json\/wp\/v2\/categories?post=21627"},{"taxonomy":"post_tag","embeddable":true,"href":"https:\/\/zonalimitrofe-cbnr.com\/index.php\/wp-json\/wp\/v2\/tags?post=21627"}],"curies":[{"name":"wp","href":"https:\/\/api.w.org\/{rel}","templated":true}]}}