{"id":21621,"date":"2025-06-19T15:31:41","date_gmt":"2025-06-19T21:31:41","guid":{"rendered":"https:\/\/zonalimitrofe-cbnr.com\/?p=21621"},"modified":"2025-06-19T15:31:41","modified_gmt":"2025-06-19T21:31:41","slug":"durango-esteban-villegas-impulsa-modelo-unico-en-mexico-jovenes-de-durango-se-graduan-con-camion-propio-y-hasta-150-mil-pesos-mensuales","status":"publish","type":"post","link":"https:\/\/zonalimitrofe-cbnr.com\/index.php\/2025\/06\/19\/durango-esteban-villegas-impulsa-modelo-unico-en-mexico-jovenes-de-durango-se-graduan-con-camion-propio-y-hasta-150-mil-pesos-mensuales\/","title":{"rendered":"#Durango. Esteban Villegas impulsa modelo \u00fanico en M\u00e9xico: j\u00f3venes de Durango se grad\u00faan con cami\u00f3n propio y hasta 150 mil pesos mensuales*"},"content":{"rendered":"\n<ul>\n<li><em>Con un curso t\u00e9cnico tras la prepa, egresados del CECyTED obtienen un cami\u00f3n propio en 5 a\u00f1os y arrancan con sueldo neto de 50 mil pesos mensuales.<\/em><\/li>\n\n\n\n<li><em>Al liquidar su unidad, pueden llegar a ganar hasta 150 mil pesos mensuales y convertirse en empresarios del transporte.<\/em><\/li>\n<\/ul>\n\n\n\n<p>Durango se consolida como referente nacional en innovaci\u00f3n educativa y generaci\u00f3n de oportunidades para las y los j\u00f3venes, al poner en marcha un modelo \u00fanico en el pa\u00eds que transforma el futuro de estudiantes de nivel medio superior a trav\u00e9s del sistema CECyTED, destac\u00f3 el gobernador Esteban Villegas Villarreal.<\/p>\n\n\n\n<p>Gracias a una alianza entre el Gobierno del Estado, el sistema de Educaci\u00f3n Media Superior Tecnol\u00f3gica (CECyTED) y una empresa de autotransporte, j\u00f3venes egresados de preparatoria pueden acceder a un programa t\u00e9cnico especializado en conducci\u00f3n de tractocamiones, que les abre las puertas a la independencia econ\u00f3mica y a la posibilidad de convertirse en propietarios de su propio veh\u00edculo de trabajo.<\/p>\n\n\n\n<p>\u201cEl pa\u00eds necesita m\u00e1s de 300 mil choferes de transporte y Durango est\u00e1 haciendo algo que no se hab\u00eda hecho antes: ofrecer a nuestros j\u00f3venes no solo capacitaci\u00f3n, sino tambi\u00e9n un camino real para convertirse en propietarios de un cami\u00f3n con ingresos mensuales de hasta 150 mil pesos\u201d, explic\u00f3 el mandatario.<\/p>\n\n\n\n<p>A trav\u00e9s de este modelo, los estudiantes que optan por la carrera t\u00e9cnica en autotransporte cursan un programa intensivo tras concluir la preparatoria. Al finalizar, son vinculados con una empresa del ramo que les otorga un cr\u00e9dito para adquirir su primer tractocami\u00f3n. Desde el inicio comienzan a laborar con un sueldo neto de 50 mil pesos mensuales, con el cual cubren el pago de su unidad en un plazo de cinco a\u00f1os. Al concluirlo, se convierten en propietarios del veh\u00edculo, con ingresos que pueden llegar hasta los 150 mil pesos mensuales y la posibilidad de emprender su propia flotilla.<\/p>\n\n\n\n<p>\u201cEste modelo no existe en ning\u00fan otro estado del pa\u00eds y ya se est\u00e1 empezando a replicar. En Durango est\u00e1 funcionando con \u00e9xito. Es una opci\u00f3n real para miles de j\u00f3venes que buscan un mejor futuro, incluso sin cursar una carrera universitaria larga, pero con ganas de superarse\u201d, a\u00f1adi\u00f3 Villegas Villarreal.<\/p>\n\n\n\n<p>El gobernador hizo un llamado a los j\u00f3venes interesados a acercarse a cualquier plantel CECyTED en Durango, donde ya se ofrece esta carrera t\u00e9cnica como una alternativa educativa y profesional de alto impacto.<\/p>\n\n\n\n<p>\u201cEn Durango seguimos renaciendo con acciones concretas que cambian vidas y abren caminos. Felicidades a esta primera generaci\u00f3n y a quienes se sumen a este modelo que est\u00e1 marcando la diferencia en todo M\u00e9xico\u201d, concluy\u00f3.<\/p>\n","protected":false},"excerpt":{"rendered":"<p>Durango se consolida como referente nacional en innovaci\u00f3n educativa y generaci\u00f3n de oportunidades para las y los j\u00f3venes, al poner en marcha un modelo \u00fanico en el pa\u00eds que transforma el futuro de estudiantes de nivel medio superior a trav\u00e9s del sistema CECyTED, destac\u00f3 el gobernador Esteban Villegas Villarreal. Gracias a una alianza entre el [&hellip;]<\/p>\n","protected":false},"author":1,"featured_media":21622,"comment_status":"open","ping_status":"open","sticky":false,"template":"","format":"standard","meta":{"_monsterinsights_skip_tracking":false,"_monsterinsights_sitenote_active":false,"_monsterinsights_sitenote_note":"","_monsterinsights_sitenote_category":0,"footnotes":""},"categories":[1],"tags":[],"_links":{"self":[{"href":"https:\/\/zonalimitrofe-cbnr.com\/index.php\/wp-json\/wp\/v2\/posts\/21621"}],"collection":[{"href":"https:\/\/zonalimitrofe-cbnr.com\/index.php\/wp-json\/wp\/v2\/posts"}],"about":[{"href":"https:\/\/zonalimitrofe-cbnr.com\/index.php\/wp-json\/wp\/v2\/types\/post"}],"author":[{"embeddable":true,"href":"https:\/\/zonalimitrofe-cbnr.com\/index.php\/wp-json\/wp\/v2\/users\/1"}],"replies":[{"embeddable":true,"href":"https:\/\/zonalimitrofe-cbnr.com\/index.php\/wp-json\/wp\/v2\/comments?post=21621"}],"version-history":[{"count":1,"href":"https:\/\/zonalimitrofe-cbnr.com\/index.php\/wp-json\/wp\/v2\/posts\/21621\/revisions"}],"predecessor-version":[{"id":21623,"href":"https:\/\/zonalimitrofe-cbnr.com\/index.php\/wp-json\/wp\/v2\/posts\/21621\/revisions\/21623"}],"wp:featuredmedia":[{"embeddable":true,"href":"https:\/\/zonalimitrofe-cbnr.com\/index.php\/wp-json\/wp\/v2\/media\/21622"}],"wp:attachment":[{"href":"https:\/\/zonalimitrofe-cbnr.com\/index.php\/wp-json\/wp\/v2\/media?parent=21621"}],"wp:term":[{"taxonomy":"category","embeddable":true,"href":"https:\/\/zonalimitrofe-cbnr.com\/index.php\/wp-json\/wp\/v2\/categories?post=21621"},{"taxonomy":"post_tag","embeddable":true,"href":"https:\/\/zonalimitrofe-cbnr.com\/index.php\/wp-json\/wp\/v2\/tags?post=21621"}],"curies":[{"name":"wp","href":"https:\/\/api.w.org\/{rel}","templated":true}]}}