{"id":21618,"date":"2025-06-19T15:28:09","date_gmt":"2025-06-19T21:28:09","guid":{"rendered":"https:\/\/zonalimitrofe-cbnr.com\/?p=21618"},"modified":"2025-06-19T15:28:09","modified_gmt":"2025-06-19T21:28:09","slug":"lerdo-anuncian-suspension-de-servicio-electrico-y-afectacion-en-abasto-de-agua-en-leon-guzman","status":"publish","type":"post","link":"https:\/\/zonalimitrofe-cbnr.com\/index.php\/2025\/06\/19\/lerdo-anuncian-suspension-de-servicio-electrico-y-afectacion-en-abasto-de-agua-en-leon-guzman\/","title":{"rendered":"#Lerdo. ANUNCIAN SUSPENSI\u00d3N DE SERVICIO EL\u00c9CTRICO Y AFECTACI\u00d3N EN ABASTO DE AGUA EN LE\u00d3N GUZM\u00c1N*"},"content":{"rendered":"\n<p>Lerdo, 19 de junio de 2025.- El Sistema de Agua Potable y Alcantarillado de Lerdo (SAPAL), en coordinaci\u00f3n con la Comisi\u00f3n Federal de Electricidad (CFE), informa a la ciudadan\u00eda de la Villa de Le\u00f3n Guzm\u00e1n que, debido a trabajos de mantenimiento en las l\u00edneas el\u00e9ctricas, se suspender\u00e1 el suministro de energ\u00eda durante dos d\u00edas.<\/p>\n\n\n\n<p>El primer corte ser\u00e1 este viernes 20 de junio, en un horario de 9:00 de la ma\u00f1ana a 5:00 de la tarde. Posteriormente, el lunes 23 de junio, se llevar\u00e1 a cabo una segunda suspensi\u00f3n de 10:00 de la ma\u00f1ana a 6:00 de la tarde. El servicio el\u00e9ctrico se restablecer\u00e1 normalmente durante el fin de semana.<\/p>\n\n\n\n<p>Dicha situaci\u00f3n afectar\u00e1 el funcionamiento del sistema de bombeo, por lo que se ver\u00e1 interrumpido temporalmente el suministro de agua potable en la comunidad.<\/p>\n\n\n\n<p>Por ello, SAPAL exhorta a los habitantes de Le\u00f3n Guzm\u00e1n a tomar precauciones y abastecerse del vital l\u00edquido con anticipaci\u00f3n, a fin de evitar contratiempos durante el desarrollo de estos trabajos, los cuales tienen como prop\u00f3sito mejorar la calidad del servicio el\u00e9ctrico en la zona.<\/p>\n","protected":false},"excerpt":{"rendered":"<p>Lerdo, 19 de junio de 2025.- El Sistema de Agua Potable y Alcantarillado de Lerdo (SAPAL), en coordinaci\u00f3n con la Comisi\u00f3n Federal de Electricidad (CFE), informa a la ciudadan\u00eda de la Villa de Le\u00f3n Guzm\u00e1n que, debido a trabajos de mantenimiento en las l\u00edneas el\u00e9ctricas, se suspender\u00e1 el suministro de energ\u00eda durante dos d\u00edas. El [&hellip;]<\/p>\n","protected":false},"author":1,"featured_media":21619,"comment_status":"open","ping_status":"open","sticky":false,"template":"","format":"standard","meta":{"_monsterinsights_skip_tracking":false,"_monsterinsights_sitenote_active":false,"_monsterinsights_sitenote_note":"","_monsterinsights_sitenote_category":0,"footnotes":""},"categories":[1],"tags":[],"_links":{"self":[{"href":"https:\/\/zonalimitrofe-cbnr.com\/index.php\/wp-json\/wp\/v2\/posts\/21618"}],"collection":[{"href":"https:\/\/zonalimitrofe-cbnr.com\/index.php\/wp-json\/wp\/v2\/posts"}],"about":[{"href":"https:\/\/zonalimitrofe-cbnr.com\/index.php\/wp-json\/wp\/v2\/types\/post"}],"author":[{"embeddable":true,"href":"https:\/\/zonalimitrofe-cbnr.com\/index.php\/wp-json\/wp\/v2\/users\/1"}],"replies":[{"embeddable":true,"href":"https:\/\/zonalimitrofe-cbnr.com\/index.php\/wp-json\/wp\/v2\/comments?post=21618"}],"version-history":[{"count":1,"href":"https:\/\/zonalimitrofe-cbnr.com\/index.php\/wp-json\/wp\/v2\/posts\/21618\/revisions"}],"predecessor-version":[{"id":21620,"href":"https:\/\/zonalimitrofe-cbnr.com\/index.php\/wp-json\/wp\/v2\/posts\/21618\/revisions\/21620"}],"wp:featuredmedia":[{"embeddable":true,"href":"https:\/\/zonalimitrofe-cbnr.com\/index.php\/wp-json\/wp\/v2\/media\/21619"}],"wp:attachment":[{"href":"https:\/\/zonalimitrofe-cbnr.com\/index.php\/wp-json\/wp\/v2\/media?parent=21618"}],"wp:term":[{"taxonomy":"category","embeddable":true,"href":"https:\/\/zonalimitrofe-cbnr.com\/index.php\/wp-json\/wp\/v2\/categories?post=21618"},{"taxonomy":"post_tag","embeddable":true,"href":"https:\/\/zonalimitrofe-cbnr.com\/index.php\/wp-json\/wp\/v2\/tags?post=21618"}],"curies":[{"name":"wp","href":"https:\/\/api.w.org\/{rel}","templated":true}]}}