{"id":21588,"date":"2025-06-18T17:34:43","date_gmt":"2025-06-18T23:34:43","guid":{"rendered":"https:\/\/zonalimitrofe-cbnr.com\/?p=21588"},"modified":"2025-06-18T17:34:44","modified_gmt":"2025-06-18T23:34:44","slug":"torreon-avanza-torreon-hacia-una-renovacion-y-rescate-integral-del-centro-historico-con-vision-urbana-y-sostenible","status":"publish","type":"post","link":"https:\/\/zonalimitrofe-cbnr.com\/index.php\/2025\/06\/18\/torreon-avanza-torreon-hacia-una-renovacion-y-rescate-integral-del-centro-historico-con-vision-urbana-y-sostenible\/","title":{"rendered":"#Torre\u00f3n. Avanza Torre\u00f3n hacia una renovaci\u00f3n y rescate integral del Centro Hist\u00f3rico con visi\u00f3n urbana y sostenible"},"content":{"rendered":"\n<p>Torre\u00f3n, Coahuila. A 18 de junio de 2025<\/p>\n\n\n\n<p>Como parte del compromiso de la Administraci\u00f3n Municipal que encabeza el alcalde Rom\u00e1n Alberto Cepeda Gonz\u00e1lez por recuperar espacios p\u00fablicos estrat\u00e9gicos y consolidar un modelo de ciudad m\u00e1s ordenada, segura y sustentable, se present\u00f3 este mi\u00e9rcoles en rueda de prensa, el concurso de propuestas para la renovaci\u00f3n y rescate del Centro Hist\u00f3rico de la ciudad.<\/p>\n\n\n\n<p>La propuesta incluye la intervenci\u00f3n en el Paseo Morelos, el cual representa uno de los proyectos m\u00e1s ambiciosos en materia de planeaci\u00f3n urbana en los \u00faltimos a\u00f1os.<\/p>\n\n\n\n<p>Los directores de Obras P\u00fablicas, y de Ordenamiento Territorial y Urbanismo, en coordinaci\u00f3n con representantes del Colegio de Arquitectos de la Comarca Lagunera, dieron a conocer que este proyecto nace de la necesidad urgente de intervenir integralmente este importante eje del Centro Hist\u00f3rico, cuya imagen urbana consideran, ha sufrido un deterioro progresivo causado por distintos factores, y una integraci\u00f3n deficiente con el resto del tejido urbano.<\/p>\n\n\n\n<p>Por lo anterior, el Gobierno Municipal, consciente de la importancia de este sector como eje articulador del desarrollo econ\u00f3mico, social y cultural, impulsa este concurso con una visi\u00f3n alineada a los Objetivos de Desarrollo Sostenible (ODS 11 y 13), el Plan Director de Desarrollo Urbano y el Reglamento de Desarrollo Urbano y Construcci\u00f3n de Torre\u00f3n, lo que garantiza una propuesta apegada a criterios t\u00e9cnicos, ambientales y sociales.<\/p>\n\n\n\n<p>El director de Ordenamiento Territorial y Urbanismo, Gustavo Mu\u00f1oz, explic\u00f3 que el objetivo es claro, transformar el Paseo Morelos en un corredor din\u00e1mico, resiliente y atractivo, donde se garantice la sostenibilidad, el confort ambiental, la revalorizaci\u00f3n del patrimonio hist\u00f3rico y cultural, la integraci\u00f3n urbana, la seguridad vial y el impulso a la actividad econ\u00f3mica.<\/p>\n\n\n\n<p>\u201cQueremos que vuelva a ser un referente urbano y ciudadano de calidad\u201d, puntualiz\u00f3.<\/p>\n\n\n\n<p>Por su parte, Juan Adolfo Von Bertrab, director general de Obras P\u00fablicas, dijo que es fundamental mejorar, mantener y reactivar las \u00e1reas que actualmente se encuentran en estado de abandono, no solo para elevar la calidad urbana, sino tambi\u00e9n para incentivar la inversi\u00f3n y fortalecer el arraigo de los ciudadanos con su entorno.<\/p>\n\n\n\n<p>Agreg\u00f3 que la zona de intervenci\u00f3n comprende una franja estrat\u00e9gica que abarca desde el Centro Hist\u00f3rico del Torre\u00f3n viejo, Plaza de Armas, Plaza Mayor, hasta la Alameda, lo que representa una oportunidad invaluable para detonar una transformaci\u00f3n profunda del coraz\u00f3n de la ciudad.<\/p>\n\n\n\n<p>Este concurso que se desarrolla en conjunto con el Colegio de Arquitectos de la Comarca Lagunera (CACLAC), fortalece la participaci\u00f3n del gremio profesional en los procesos de transformaci\u00f3n urbana, el cual es otro inter\u00e9s en la Administraci\u00f3n del alcalde Rom\u00e1n Alberto Cepeda Gonz\u00e1lez.<\/p>\n\n\n\n<p>En ese sentido, el presidente del CACLAC, Mario Alberto Talam\u00e1s, dio a conocer los detalles de la convocatoria, que estar\u00e1 abierta a:<\/p>\n\n\n\n<p>Arquitectos colegiados o no colegiados, urbanistas y paisajistas titulados con c\u00e9dula profesional, de forma individual o en equipos multidisciplinarios con experiencia comprobada en dise\u00f1o urbano, regeneraci\u00f3n de espacios p\u00fablicos o desarrollo habitacional, acreditada mediante CV y portafolio profesional.<\/p>\n\n\n\n<p>Se\u00f1al\u00f3 que el proceso contempla el inicio de inscripciones y la adquisici\u00f3n de bases que ser\u00e1 a partir del 25 de junio de 2025, y tiene como fecha l\u00edmite de recepci\u00f3n de trabajos el viernes 25 de julio del presente a\u00f1o.<\/p>\n\n\n\n<p>Asimismo, precis\u00f3 que el veredicto del jurado ser\u00e1 el mi\u00e9rcoles 30 de julio pr\u00f3ximo.<\/p>\n\n\n\n<p>El jurado calificador estar\u00e1 integrado por especialistas del \u00e1mbito arquitect\u00f3nico y acad\u00e9mico, designados por el comit\u00e9 organizador del Colegio, y destac\u00f3 adem\u00e1s que habr\u00e1 premios para el primer, segundo y tercer lugar que van de los 25 a los 100 mil pesos.<\/p>\n\n\n\n<p>Este proyecto refleja la ruta trazada por la actual Administraci\u00f3n para recuperar y rehabilitar espacios p\u00fablicos clave, entendiendo que la transformaci\u00f3n urbana va de la mano con la calidad de vida, la seguridad y el desarrollo econ\u00f3mico.<\/p>\n","protected":false},"excerpt":{"rendered":"<p>Torre\u00f3n, Coahuila. A 18 de junio de 2025 Como parte del compromiso de la Administraci\u00f3n Municipal que encabeza el alcalde Rom\u00e1n Alberto Cepeda Gonz\u00e1lez por recuperar espacios p\u00fablicos estrat\u00e9gicos y consolidar un modelo de ciudad m\u00e1s ordenada, segura y sustentable, se present\u00f3 este mi\u00e9rcoles en rueda de prensa, el concurso de propuestas para la renovaci\u00f3n [&hellip;]<\/p>\n","protected":false},"author":1,"featured_media":21589,"comment_status":"open","ping_status":"open","sticky":false,"template":"","format":"standard","meta":{"_monsterinsights_skip_tracking":false,"_monsterinsights_sitenote_active":false,"_monsterinsights_sitenote_note":"","_monsterinsights_sitenote_category":0,"footnotes":""},"categories":[1],"tags":[],"_links":{"self":[{"href":"https:\/\/zonalimitrofe-cbnr.com\/index.php\/wp-json\/wp\/v2\/posts\/21588"}],"collection":[{"href":"https:\/\/zonalimitrofe-cbnr.com\/index.php\/wp-json\/wp\/v2\/posts"}],"about":[{"href":"https:\/\/zonalimitrofe-cbnr.com\/index.php\/wp-json\/wp\/v2\/types\/post"}],"author":[{"embeddable":true,"href":"https:\/\/zonalimitrofe-cbnr.com\/index.php\/wp-json\/wp\/v2\/users\/1"}],"replies":[{"embeddable":true,"href":"https:\/\/zonalimitrofe-cbnr.com\/index.php\/wp-json\/wp\/v2\/comments?post=21588"}],"version-history":[{"count":1,"href":"https:\/\/zonalimitrofe-cbnr.com\/index.php\/wp-json\/wp\/v2\/posts\/21588\/revisions"}],"predecessor-version":[{"id":21590,"href":"https:\/\/zonalimitrofe-cbnr.com\/index.php\/wp-json\/wp\/v2\/posts\/21588\/revisions\/21590"}],"wp:featuredmedia":[{"embeddable":true,"href":"https:\/\/zonalimitrofe-cbnr.com\/index.php\/wp-json\/wp\/v2\/media\/21589"}],"wp:attachment":[{"href":"https:\/\/zonalimitrofe-cbnr.com\/index.php\/wp-json\/wp\/v2\/media?parent=21588"}],"wp:term":[{"taxonomy":"category","embeddable":true,"href":"https:\/\/zonalimitrofe-cbnr.com\/index.php\/wp-json\/wp\/v2\/categories?post=21588"},{"taxonomy":"post_tag","embeddable":true,"href":"https:\/\/zonalimitrofe-cbnr.com\/index.php\/wp-json\/wp\/v2\/tags?post=21588"}],"curies":[{"name":"wp","href":"https:\/\/api.w.org\/{rel}","templated":true}]}}