{"id":21582,"date":"2025-06-18T17:31:08","date_gmt":"2025-06-18T23:31:08","guid":{"rendered":"https:\/\/zonalimitrofe-cbnr.com\/?p=21582"},"modified":"2025-06-18T17:31:08","modified_gmt":"2025-06-18T23:31:08","slug":"durango-un-sueno-de-70-anos-se-vuelve-realidad-esteban-villegas-anuncia-la-licitacion-de-la-presa-el-tunal-ii","status":"publish","type":"post","link":"https:\/\/zonalimitrofe-cbnr.com\/index.php\/2025\/06\/18\/durango-un-sueno-de-70-anos-se-vuelve-realidad-esteban-villegas-anuncia-la-licitacion-de-la-presa-el-tunal-ii\/","title":{"rendered":"#Durango. Un sue\u00f1o de 70 a\u00f1os se vuelve realidad: Esteban Villegas anuncia la licitaci\u00f3n de la Presa El Tunal II*"},"content":{"rendered":"\n<ul>\n<li><em>Una obra hist\u00f3rica que garantizar\u00e1 agua potable por 50 a\u00f1os a m\u00e1s de 300 mil personas.<\/em><\/li>\n\n\n\n<li><em>Las empresas interesadas pueden presentar propuestas hasta el 26 de junio; la obra arranca el 18 de julio.<\/em><\/li>\n\n\n\n<li><em>Consulta la licitaci\u00f3n oficial en la plataforma de Proyectos M\u00e9xico: https:\/\/www.proyectosmexico.gob.mx<\/em><\/li>\n<\/ul>\n\n\n\n<p>El gobernador Esteban Villegas Villarreal anunci\u00f3 la publicaci\u00f3n de la convocatoria oficial para la construcci\u00f3n de la Presa El Tunal II, una obra hist\u00f3rica que marcar\u00e1 un antes y un despu\u00e9s en el desarrollo de Durango, al garantizar agua potable para m\u00e1s de 300 mil personas durante los pr\u00f3ximos 50 a\u00f1os, fortaleciendo la salud, la econom\u00eda y el bienestar de miles de familias.<\/p>\n\n\n\n<p>\u201cPara los que no cre\u00edan: ya sali\u00f3 la licitaci\u00f3n de la Presa del Tunal II. Es una promesa cumplida y va en firme\u201d, expres\u00f3 el mandatario estatal, al destacar que esta obra, largamente anhelada por los duranguenses durante m\u00e1s de 70 a\u00f1os, es hoy una realidad gracias al respaldo de la Presidenta Claudia Sheinbaum Pardo.<\/p>\n\n\n\n<p>La licitaci\u00f3n fue publicada el pasado 11 de junio y permanecer\u00e1 abierta hasta el 26 de junio, por lo que el gobernador hizo un llamado a las empresas constructoras locales a participar de manera decidida, ya sea de forma individual o en consorcio, para que el mayor n\u00famero posible de trabajos y beneficios se queden en Durango. \u201cOjal\u00e1 que haya duranguenses que se animen, que se inscriban y que puedan entrarle\u201d, se\u00f1al\u00f3.<\/p>\n\n\n\n<p>La obra contempla una inversi\u00f3n de alrededor de 4 mil millones de pesos, y comenzar\u00e1 a ejecutarse en el mes de julio. Su construcci\u00f3n incluye una cortina de materiales graduados, vertedor de excedencias, t\u00fanel de desv\u00edo, casa de v\u00e1lvulas, l\u00ednea de conducci\u00f3n, obras de toma y caminos de acceso.<\/p>\n\n\n\n<p>El calendario oficial es el siguiente: la convocatoria fue publicada el 11 de junio; la recepci\u00f3n de propuestas estar\u00e1 abierta hasta el 26 de junio; el fallo se dar\u00e1 a conocer el 14 de julio, y el inicio de la obra est\u00e1 programado para el 18 de julio.<\/p>\n\n\n\n<p>\u201cGracias, presidenta Claudia Sheinbaum, por hacer este sue\u00f1o realidad para Durango y por trabajar de la mano con nuestro estado. Hoy Durango renace con fuerza, con agua y con futuro\u201d, afirm\u00f3 Esteban Villegas.<\/p>\n\n\n\n<p>Las empresas interesadas pueden consultar los detalles de la licitaci\u00f3n p\u00fablica nacional en:<\/p>\n\n\n\n<figure class=\"wp-block-embed is-type-wp-embed is-provider-proyectos-m-xico wp-block-embed-proyectos-m-xico\"><div class=\"wp-block-embed__wrapper\">\n<blockquote class=\"wp-embedded-content\" data-secret=\"cI0c2gYzLO\"><a href=\"https:\/\/www.proyectosmexico.gob.mx\/proyecto_inversion\/0907-construccion-de-la-presa-tunal-ii-en-durango-dgo\/\">0907 Construcci\u00f3n de la Presa Tunal II en Durango, Dgo.<\/a><\/blockquote><iframe class=\"wp-embedded-content\" sandbox=\"allow-scripts\" security=\"restricted\" style=\"position: absolute; clip: rect(1px, 1px, 1px, 1px);\" title=\"&#8220;0907 Construcci\u00f3n de la Presa Tunal II en Durango, Dgo.&#8221; &#8212; Proyectos M\u00e9xico\" src=\"https:\/\/www.proyectosmexico.gob.mx\/proyecto_inversion\/0907-construccion-de-la-presa-tunal-ii-en-durango-dgo\/embed\/#?secret=cI0c2gYzLO\" data-secret=\"cI0c2gYzLO\" width=\"600\" height=\"338\" frameborder=\"0\" marginwidth=\"0\" marginheight=\"0\" scrolling=\"no\"><\/iframe>\n<\/div><\/figure>\n","protected":false},"excerpt":{"rendered":"<p>El gobernador Esteban Villegas Villarreal anunci\u00f3 la publicaci\u00f3n de la convocatoria oficial para la construcci\u00f3n de la Presa El Tunal II, una obra hist\u00f3rica que marcar\u00e1 un antes y un despu\u00e9s en el desarrollo de Durango, al garantizar agua potable para m\u00e1s de 300 mil personas durante los pr\u00f3ximos 50 a\u00f1os, fortaleciendo la salud, la [&hellip;]<\/p>\n","protected":false},"author":1,"featured_media":21583,"comment_status":"open","ping_status":"open","sticky":false,"template":"","format":"standard","meta":{"_monsterinsights_skip_tracking":false,"_monsterinsights_sitenote_active":false,"_monsterinsights_sitenote_note":"","_monsterinsights_sitenote_category":0,"footnotes":""},"categories":[1],"tags":[],"_links":{"self":[{"href":"https:\/\/zonalimitrofe-cbnr.com\/index.php\/wp-json\/wp\/v2\/posts\/21582"}],"collection":[{"href":"https:\/\/zonalimitrofe-cbnr.com\/index.php\/wp-json\/wp\/v2\/posts"}],"about":[{"href":"https:\/\/zonalimitrofe-cbnr.com\/index.php\/wp-json\/wp\/v2\/types\/post"}],"author":[{"embeddable":true,"href":"https:\/\/zonalimitrofe-cbnr.com\/index.php\/wp-json\/wp\/v2\/users\/1"}],"replies":[{"embeddable":true,"href":"https:\/\/zonalimitrofe-cbnr.com\/index.php\/wp-json\/wp\/v2\/comments?post=21582"}],"version-history":[{"count":1,"href":"https:\/\/zonalimitrofe-cbnr.com\/index.php\/wp-json\/wp\/v2\/posts\/21582\/revisions"}],"predecessor-version":[{"id":21584,"href":"https:\/\/zonalimitrofe-cbnr.com\/index.php\/wp-json\/wp\/v2\/posts\/21582\/revisions\/21584"}],"wp:featuredmedia":[{"embeddable":true,"href":"https:\/\/zonalimitrofe-cbnr.com\/index.php\/wp-json\/wp\/v2\/media\/21583"}],"wp:attachment":[{"href":"https:\/\/zonalimitrofe-cbnr.com\/index.php\/wp-json\/wp\/v2\/media?parent=21582"}],"wp:term":[{"taxonomy":"category","embeddable":true,"href":"https:\/\/zonalimitrofe-cbnr.com\/index.php\/wp-json\/wp\/v2\/categories?post=21582"},{"taxonomy":"post_tag","embeddable":true,"href":"https:\/\/zonalimitrofe-cbnr.com\/index.php\/wp-json\/wp\/v2\/tags?post=21582"}],"curies":[{"name":"wp","href":"https:\/\/api.w.org\/{rel}","templated":true}]}}