{"id":21570,"date":"2025-06-18T15:06:51","date_gmt":"2025-06-18T21:06:51","guid":{"rendered":"https:\/\/zonalimitrofe-cbnr.com\/?p=21570"},"modified":"2025-06-18T15:06:52","modified_gmt":"2025-06-18T21:06:52","slug":"uadec-invita-recinto-del-patrimonio-cultural-universitario-de-la-uadec-a-la-proyeccion-del-cortometraje-b-l-a-s","status":"publish","type":"post","link":"https:\/\/zonalimitrofe-cbnr.com\/index.php\/2025\/06\/18\/uadec-invita-recinto-del-patrimonio-cultural-universitario-de-la-uadec-a-la-proyeccion-del-cortometraje-b-l-a-s\/","title":{"rendered":"#UAdeC. Invita Recinto del Patrimonio Cultural Universitario de la UAdeC a la Proyecci\u00f3n del Cortometraje B.L.A.S,"},"content":{"rendered":"\n<p>SALTILLO, Coahuila. 18 de junio de 2025. El pr\u00f3ximo viernes 20 de junio la Universidad Aut\u00f3noma de Coahuila a trav\u00e9s de la Coordinaci\u00f3n de Difusi\u00f3n y Patrimonio Cultural, invita a la proyecci\u00f3n del Cortometraje B.L.A.S. como parte de la exhibici\u00f3n de trabajos de los talleres culturales que se ofrecieron en el semestre enero-junio de 2025.<\/p>\n\n\n\n<p>La proyecci\u00f3n del cortometraje \u201cB.L.A.S.\u201d ser\u00e1 a las 19:00 horas en las instalaciones del Recinto del Patrimonio Cultural Universitario, ubicado en la calle de Hidalgo #211 a unos metros de la Catedral de Santiago en el Centro Hist\u00f3rico de Saltillo.<\/p>\n\n\n\n<p>El maestro del Taller de Cortometraje y director del Film, Fernando Recio y sus alumnos Israel Mercado, Alejandro S\u00e1nchez, Rafael Valadez, Alejandro Reyna y H\u00e9ctor Ram\u00edrez y el equipo de producci\u00f3n, presentar\u00e1n el resultado de la creatividad, la cultura y la expresi\u00f3n art\u00edstica a trav\u00e9s del s\u00e9ptimo arte.<\/p>\n\n\n\n<p>Es una muestra del esfuerzo, de lo aprendido en creatividad narrativa, fotograf\u00eda, iluminaci\u00f3n, dise\u00f1o de producci\u00f3n, direcci\u00f3n y edici\u00f3n, que luego de semanas de trabajo y compromiso ofrecer\u00e1n al p\u00fablico una producci\u00f3n de calidad.<\/p>\n\n\n\n<p>B.L.A.S. est\u00e1 basado en una emblem\u00e1tica Leyenda de Saltillo, es un thriller psicol\u00f3gico con tintes de terror existencial, pero enraizado en la cotidianidad, combina drama familiar, cr\u00edtica social, tecnolog\u00eda y paranoia digital.<\/p>\n\n\n\n<p>El protagonista Don Juan es un personaje entra\u00f1able, una figura tr\u00e1gica que representa a toda una generaci\u00f3n desconectada del mundo moderno, su arco dram\u00e1tico, de la desconexi\u00f3n al entusiasmo, luego a la paranoia.<\/p>\n\n\n\n<p>El antagonista es una Inteligencia Artificial manipuladora que opera como entidad algor\u00edtmica, como s\u00edmbolo del sistema digital que alimenta el morbo, el control emocional y la vigilancia.<\/p>\n\n\n\n<p>El guion no es una historia de miedo, es una advertencia; B.L.A.S. no trata del mal como figura sobrenatural, sino del mal cotidiano: el sistema que nos observa, nos seduce, nos polariza y nos expone a trav\u00e9s de la IA.<\/p>\n\n\n\n<p>El Taller de Cortometraje es una reciente oferta educativa que la m\u00e1xima casa de estudios ofrece desde de enero de este a\u00f1o y que continuar\u00e1 en el pr\u00f3ximo semestre de agosto a diciembre en el Recinto del Patrimonio Cultural Universitario.<\/p>\n","protected":false},"excerpt":{"rendered":"<p>SALTILLO, Coahuila. 18 de junio de 2025. El pr\u00f3ximo viernes 20 de junio la Universidad Aut\u00f3noma de Coahuila a trav\u00e9s de la Coordinaci\u00f3n de Difusi\u00f3n y Patrimonio Cultural, invita a la proyecci\u00f3n del Cortometraje B.L.A.S. como parte de la exhibici\u00f3n de trabajos de los talleres culturales que se ofrecieron en el semestre enero-junio de 2025. [&hellip;]<\/p>\n","protected":false},"author":1,"featured_media":21571,"comment_status":"open","ping_status":"open","sticky":false,"template":"","format":"standard","meta":{"_monsterinsights_skip_tracking":false,"_monsterinsights_sitenote_active":false,"_monsterinsights_sitenote_note":"","_monsterinsights_sitenote_category":0,"footnotes":""},"categories":[1],"tags":[],"_links":{"self":[{"href":"https:\/\/zonalimitrofe-cbnr.com\/index.php\/wp-json\/wp\/v2\/posts\/21570"}],"collection":[{"href":"https:\/\/zonalimitrofe-cbnr.com\/index.php\/wp-json\/wp\/v2\/posts"}],"about":[{"href":"https:\/\/zonalimitrofe-cbnr.com\/index.php\/wp-json\/wp\/v2\/types\/post"}],"author":[{"embeddable":true,"href":"https:\/\/zonalimitrofe-cbnr.com\/index.php\/wp-json\/wp\/v2\/users\/1"}],"replies":[{"embeddable":true,"href":"https:\/\/zonalimitrofe-cbnr.com\/index.php\/wp-json\/wp\/v2\/comments?post=21570"}],"version-history":[{"count":1,"href":"https:\/\/zonalimitrofe-cbnr.com\/index.php\/wp-json\/wp\/v2\/posts\/21570\/revisions"}],"predecessor-version":[{"id":21572,"href":"https:\/\/zonalimitrofe-cbnr.com\/index.php\/wp-json\/wp\/v2\/posts\/21570\/revisions\/21572"}],"wp:featuredmedia":[{"embeddable":true,"href":"https:\/\/zonalimitrofe-cbnr.com\/index.php\/wp-json\/wp\/v2\/media\/21571"}],"wp:attachment":[{"href":"https:\/\/zonalimitrofe-cbnr.com\/index.php\/wp-json\/wp\/v2\/media?parent=21570"}],"wp:term":[{"taxonomy":"category","embeddable":true,"href":"https:\/\/zonalimitrofe-cbnr.com\/index.php\/wp-json\/wp\/v2\/categories?post=21570"},{"taxonomy":"post_tag","embeddable":true,"href":"https:\/\/zonalimitrofe-cbnr.com\/index.php\/wp-json\/wp\/v2\/tags?post=21570"}],"curies":[{"name":"wp","href":"https:\/\/api.w.org\/{rel}","templated":true}]}}