{"id":21554,"date":"2025-06-18T14:43:17","date_gmt":"2025-06-18T20:43:17","guid":{"rendered":"https:\/\/zonalimitrofe-cbnr.com\/?p=21554"},"modified":"2025-06-18T14:43:18","modified_gmt":"2025-06-18T20:43:18","slug":"gp-invitan-a-visitar-el-stand-de-exhibicion-y-venta-de-productos-elaborados-en-los-tres-centros-comunitarios-del-dif","status":"publish","type":"post","link":"https:\/\/zonalimitrofe-cbnr.com\/index.php\/2025\/06\/18\/gp-invitan-a-visitar-el-stand-de-exhibicion-y-venta-de-productos-elaborados-en-los-tres-centros-comunitarios-del-dif\/","title":{"rendered":"#GP. Invitan a visitar el stand de exhibici\u00f3n y venta de productos elaborados en los tres Centros Comunitarios del DIF*"},"content":{"rendered":"\n<ul>\n<li>En la Feria G\u00f3mez Palacio 2025<\/li>\n<\/ul>\n\n\n\n<p>El Ayuntamiento de G\u00f3mez Palacio, a trav\u00e9s del Sistema para el Desarrollo Integral de la Familia (DIF), invita a la ciudadan\u00eda a visitar el stand de exhibici\u00f3n y venta de productos elaborados en los tres Centros Comunitarios, instalado en el \u00e1rea de expositores de la Expo Feria G\u00f3mez Palacio 2025.<\/p>\n\n\n\n<p>Brenda Calder\u00f3n Carrete, directora del DIF, dio a conocer que las alumnas emprendedoras de los Centros Comunitarios La Esperanza, Campillo Sainz y El Vergel son las encargadas de atender dicho espacio, donde los visitantes a la feria podr\u00e1n encontrar piezas \u00fanicas hechas a mano.<\/p>\n\n\n\n<p>Record\u00f3 que, gracias al apoyo de la Presidenta Municipal, Leticia Herrera Ale, las alumnas que regularmente participan en los talleres y cursos ofrecidos en estos tres centros tienen la oportunidad no solo de aprender y desarrollar sus habilidades de manera gratuita, sino tambi\u00e9n de generar ingresos para sus familias.<\/p>\n\n\n\n<p>Como ya es tradici\u00f3n, el stand de exhibici\u00f3n y venta de dulces tradicionales y manualidades estar\u00e1 disponible durante todo el per\u00edodo de la Feria G\u00f3mez Palacio 2025, del 13 de junio al 7 de julio.<\/p>\n\n\n\n<p>En esta muestra, quienes acudan a disfrutar de todo lo que ofrece la feria\u2014en especial los tradicionales pollos estilo Casa I\u00f1igo en el local del DIF\u2014tendr\u00e1n tambi\u00e9n la oportunidad de adquirir bisuter\u00eda artesanal, art\u00edculos decorativos elaborados en madera country, arreglos florales y dulces t\u00edpicos a costos accesibles.<\/p>\n","protected":false},"excerpt":{"rendered":"<p>El Ayuntamiento de G\u00f3mez Palacio, a trav\u00e9s del Sistema para el Desarrollo Integral de la Familia (DIF), invita a la ciudadan\u00eda a visitar el stand de exhibici\u00f3n y venta de productos elaborados en los tres Centros Comunitarios, instalado en el \u00e1rea de expositores de la Expo Feria G\u00f3mez Palacio 2025. Brenda Calder\u00f3n Carrete, directora del [&hellip;]<\/p>\n","protected":false},"author":1,"featured_media":21555,"comment_status":"open","ping_status":"open","sticky":false,"template":"","format":"standard","meta":{"_monsterinsights_skip_tracking":false,"_monsterinsights_sitenote_active":false,"_monsterinsights_sitenote_note":"","_monsterinsights_sitenote_category":0,"footnotes":""},"categories":[1],"tags":[],"_links":{"self":[{"href":"https:\/\/zonalimitrofe-cbnr.com\/index.php\/wp-json\/wp\/v2\/posts\/21554"}],"collection":[{"href":"https:\/\/zonalimitrofe-cbnr.com\/index.php\/wp-json\/wp\/v2\/posts"}],"about":[{"href":"https:\/\/zonalimitrofe-cbnr.com\/index.php\/wp-json\/wp\/v2\/types\/post"}],"author":[{"embeddable":true,"href":"https:\/\/zonalimitrofe-cbnr.com\/index.php\/wp-json\/wp\/v2\/users\/1"}],"replies":[{"embeddable":true,"href":"https:\/\/zonalimitrofe-cbnr.com\/index.php\/wp-json\/wp\/v2\/comments?post=21554"}],"version-history":[{"count":1,"href":"https:\/\/zonalimitrofe-cbnr.com\/index.php\/wp-json\/wp\/v2\/posts\/21554\/revisions"}],"predecessor-version":[{"id":21556,"href":"https:\/\/zonalimitrofe-cbnr.com\/index.php\/wp-json\/wp\/v2\/posts\/21554\/revisions\/21556"}],"wp:featuredmedia":[{"embeddable":true,"href":"https:\/\/zonalimitrofe-cbnr.com\/index.php\/wp-json\/wp\/v2\/media\/21555"}],"wp:attachment":[{"href":"https:\/\/zonalimitrofe-cbnr.com\/index.php\/wp-json\/wp\/v2\/media?parent=21554"}],"wp:term":[{"taxonomy":"category","embeddable":true,"href":"https:\/\/zonalimitrofe-cbnr.com\/index.php\/wp-json\/wp\/v2\/categories?post=21554"},{"taxonomy":"post_tag","embeddable":true,"href":"https:\/\/zonalimitrofe-cbnr.com\/index.php\/wp-json\/wp\/v2\/tags?post=21554"}],"curies":[{"name":"wp","href":"https:\/\/api.w.org\/{rel}","templated":true}]}}