{"id":21542,"date":"2025-06-17T20:02:03","date_gmt":"2025-06-18T02:02:03","guid":{"rendered":"https:\/\/zonalimitrofe-cbnr.com\/?p=21542"},"modified":"2025-06-17T20:02:04","modified_gmt":"2025-06-18T02:02:04","slug":"congresocoahuila-reconocen-trayectoria-de-jesus-lopez-castro-al-frente-de-la-xhks","status":"publish","type":"post","link":"https:\/\/zonalimitrofe-cbnr.com\/index.php\/2025\/06\/17\/congresocoahuila-reconocen-trayectoria-de-jesus-lopez-castro-al-frente-de-la-xhks\/","title":{"rendered":"#CongresoCoahuila. Reconocen trayectoria de Jes\u00fas L\u00f3pez Castro al frente de la XHKS"},"content":{"rendered":"\n<p><strong>Saltillo, Coahuila, 17 de junio de 2025.-<\/strong> La Sexag\u00e9sima Tercera Legislatura del Congreso del Estado, realiz\u00f3 un reconocimiento a Jes\u00fas Manuel L\u00f3pez Castro por 60 a\u00f1os de destacada trayectoria al frente de la estaci\u00f3n de radio XHKS, \u201cLa Voz del Tiempo en Saltillo\u201d, as\u00ed como por su legado en defensa del derecho a la libertad de expresi\u00f3n y el ejercicio del periodismo. En el marco de la sesi\u00f3n ordinaria de esta semana, en la que se cont\u00f3 con la presencia de integrantes de la C\u00e1mara de la Industria de la Radio y la Televisi\u00f3n, delegaci\u00f3n Coahuila, el diputado \u00c1lvaro Moreira Vald\u00e9s, de manera conjunta con las diputadas y diputados del grupo parlamentario \u201cAlianza Coahuila\u201d, present\u00f3 un pronunciamiento en el cual se\u00f1al\u00f3 que la primera radiodifusora que de manera oficial lleg\u00f3 a la ciudad fue la XEKS, \u201cRadio Organizaci\u00f3n Saltillo\u201d. Fundada en 1938, encendi\u00f3 por primera vez los micr\u00f3fonos Don Efra\u00edn L\u00f3pez C\u00e1zares y Enrique de los Santos; posteriormente, este \u00edcono informativo qued\u00f3 en manos de Jes\u00fas Manuel L\u00f3pez Castro. \u201cEn el marco del D\u00eda Internacional de la Libertad de Expresi\u00f3n, hoy las diputadas y los diputados de la Sexag\u00e9sima Tercera Legislatura rendimos con profundo respeto un sentido homenaje a Jes\u00fas Manuel L\u00f3pez Castro, figura emblem\u00e1tica dentro de la historia del periodismo en Coahuila e incansable defensor de este derecho fundamental\u201d, enfatiz\u00f3 el diputado. Al finalizar este pronunciamiento, la Diputada Luz Elena Morales N\u00fa\u00f1ez, Presidenta de la Junta de Gobierno del Congreso y el Diputado \u00c1lvaro Moreira Vald\u00e9s, entregaron al homenajeado un reconocimiento a nombre de las Diputadas y Diputados integrantes de la LXIII Legislatura.<\/p>\n","protected":false},"excerpt":{"rendered":"<p>Saltillo, Coahuila, 17 de junio de 2025.- La Sexag\u00e9sima Tercera Legislatura del Congreso del Estado, realiz\u00f3 un reconocimiento a Jes\u00fas Manuel L\u00f3pez Castro por 60 a\u00f1os de destacada trayectoria al frente de la estaci\u00f3n de radio XHKS, \u201cLa Voz del Tiempo en Saltillo\u201d, as\u00ed como por su legado en defensa del derecho a la libertad [&hellip;]<\/p>\n","protected":false},"author":1,"featured_media":21543,"comment_status":"open","ping_status":"open","sticky":false,"template":"","format":"standard","meta":{"_monsterinsights_skip_tracking":false,"_monsterinsights_sitenote_active":false,"_monsterinsights_sitenote_note":"","_monsterinsights_sitenote_category":0,"footnotes":""},"categories":[1],"tags":[],"_links":{"self":[{"href":"https:\/\/zonalimitrofe-cbnr.com\/index.php\/wp-json\/wp\/v2\/posts\/21542"}],"collection":[{"href":"https:\/\/zonalimitrofe-cbnr.com\/index.php\/wp-json\/wp\/v2\/posts"}],"about":[{"href":"https:\/\/zonalimitrofe-cbnr.com\/index.php\/wp-json\/wp\/v2\/types\/post"}],"author":[{"embeddable":true,"href":"https:\/\/zonalimitrofe-cbnr.com\/index.php\/wp-json\/wp\/v2\/users\/1"}],"replies":[{"embeddable":true,"href":"https:\/\/zonalimitrofe-cbnr.com\/index.php\/wp-json\/wp\/v2\/comments?post=21542"}],"version-history":[{"count":1,"href":"https:\/\/zonalimitrofe-cbnr.com\/index.php\/wp-json\/wp\/v2\/posts\/21542\/revisions"}],"predecessor-version":[{"id":21544,"href":"https:\/\/zonalimitrofe-cbnr.com\/index.php\/wp-json\/wp\/v2\/posts\/21542\/revisions\/21544"}],"wp:featuredmedia":[{"embeddable":true,"href":"https:\/\/zonalimitrofe-cbnr.com\/index.php\/wp-json\/wp\/v2\/media\/21543"}],"wp:attachment":[{"href":"https:\/\/zonalimitrofe-cbnr.com\/index.php\/wp-json\/wp\/v2\/media?parent=21542"}],"wp:term":[{"taxonomy":"category","embeddable":true,"href":"https:\/\/zonalimitrofe-cbnr.com\/index.php\/wp-json\/wp\/v2\/categories?post=21542"},{"taxonomy":"post_tag","embeddable":true,"href":"https:\/\/zonalimitrofe-cbnr.com\/index.php\/wp-json\/wp\/v2\/tags?post=21542"}],"curies":[{"name":"wp","href":"https:\/\/api.w.org\/{rel}","templated":true}]}}