{"id":21515,"date":"2025-06-17T14:44:33","date_gmt":"2025-06-17T20:44:33","guid":{"rendered":"https:\/\/zonalimitrofe-cbnr.com\/?p=21515"},"modified":"2025-06-17T14:44:33","modified_gmt":"2025-06-17T20:44:33","slug":"lerdo-es-un-exito-campana-de-reforestacion-en-plaza-principal-de-lerdo","status":"publish","type":"post","link":"https:\/\/zonalimitrofe-cbnr.com\/index.php\/2025\/06\/17\/lerdo-es-un-exito-campana-de-reforestacion-en-plaza-principal-de-lerdo\/","title":{"rendered":"#Lerdo. ES UN \u00c9XITO CAMPA\u00d1A DE REFORESTACI\u00d3N EN PLAZA PRINCIPAL DE LERDO*"},"content":{"rendered":"\n<ul>\n<li>El pr\u00f3ximo evento ser\u00e1 el viernes en la plaza de Villa Ju\u00e1rez<\/li>\n<\/ul>\n\n\n\n<p>Lerdo, 17 de junio 2025.- Ante la buena participaci\u00f3n de la ciudadan\u00eda lerdense, este martes se rebas\u00f3 la meta de \u00e1rboles donados a trav\u00e9s de la Campa\u00f1a de Reforestaci\u00f3n \u201cVen y Adopta un \u00c1rbol\u201d, ascendiendo a 250 ejemplares, en la plaza principal de ciudad Lerdo, frente a la Presidencia Municipal.<\/p>\n\n\n\n<p>El director de Medio Ambiente y Ecolog\u00eda, Ricardo D\u00edaz Segovia comparti\u00f3 que la instrucci\u00f3n del Presidente Municipal Homero Mart\u00ednez Cabrera es hacer part\u00edcipe a la poblaci\u00f3n para la preservaci\u00f3n el ecosistema y para mitigar el cambio clim\u00e1tico, por ello se les invita a adoptar un \u00e1rbol y comprometerse con su cuidado.<\/p>\n\n\n\n<p>El funcionario celebr\u00f3 el \u00e9xito de esta actividad, pues la meta de entrega para esta ocasi\u00f3n eran 150 \u00e1rboles para donaci\u00f3n, no obstante, la gente ha respondido positivamente a la campa\u00f1a, sum\u00e1ndose y adoptando 250 ejemplares.<\/p>\n\n\n\n<p>El pr\u00f3ximo evento de esta \u00edndole ser\u00e1 el viernes 20 de junio en la plaza de Villa Ju\u00e1rez, en un mismo horario, de 10:00 de la ma\u00f1ana a 1:00 de la tarde. Al igual que este martes, se les entregar\u00e1 a los habitantes de la comunidad que se comprometan, un ejemplar y una gu\u00eda de instrucciones para plantar y cuidar el arbolito, procurando su crecimiento y salud.<\/p>\n","protected":false},"excerpt":{"rendered":"<p>Lerdo, 17 de junio 2025.- Ante la buena participaci\u00f3n de la ciudadan\u00eda lerdense, este martes se rebas\u00f3 la meta de \u00e1rboles donados a trav\u00e9s de la Campa\u00f1a de Reforestaci\u00f3n \u201cVen y Adopta un \u00c1rbol\u201d, ascendiendo a 250 ejemplares, en la plaza principal de ciudad Lerdo, frente a la Presidencia Municipal. El director de Medio Ambiente [&hellip;]<\/p>\n","protected":false},"author":1,"featured_media":21516,"comment_status":"open","ping_status":"open","sticky":false,"template":"","format":"standard","meta":{"_monsterinsights_skip_tracking":false,"_monsterinsights_sitenote_active":false,"_monsterinsights_sitenote_note":"","_monsterinsights_sitenote_category":0,"footnotes":""},"categories":[1],"tags":[],"_links":{"self":[{"href":"https:\/\/zonalimitrofe-cbnr.com\/index.php\/wp-json\/wp\/v2\/posts\/21515"}],"collection":[{"href":"https:\/\/zonalimitrofe-cbnr.com\/index.php\/wp-json\/wp\/v2\/posts"}],"about":[{"href":"https:\/\/zonalimitrofe-cbnr.com\/index.php\/wp-json\/wp\/v2\/types\/post"}],"author":[{"embeddable":true,"href":"https:\/\/zonalimitrofe-cbnr.com\/index.php\/wp-json\/wp\/v2\/users\/1"}],"replies":[{"embeddable":true,"href":"https:\/\/zonalimitrofe-cbnr.com\/index.php\/wp-json\/wp\/v2\/comments?post=21515"}],"version-history":[{"count":1,"href":"https:\/\/zonalimitrofe-cbnr.com\/index.php\/wp-json\/wp\/v2\/posts\/21515\/revisions"}],"predecessor-version":[{"id":21517,"href":"https:\/\/zonalimitrofe-cbnr.com\/index.php\/wp-json\/wp\/v2\/posts\/21515\/revisions\/21517"}],"wp:featuredmedia":[{"embeddable":true,"href":"https:\/\/zonalimitrofe-cbnr.com\/index.php\/wp-json\/wp\/v2\/media\/21516"}],"wp:attachment":[{"href":"https:\/\/zonalimitrofe-cbnr.com\/index.php\/wp-json\/wp\/v2\/media?parent=21515"}],"wp:term":[{"taxonomy":"category","embeddable":true,"href":"https:\/\/zonalimitrofe-cbnr.com\/index.php\/wp-json\/wp\/v2\/categories?post=21515"},{"taxonomy":"post_tag","embeddable":true,"href":"https:\/\/zonalimitrofe-cbnr.com\/index.php\/wp-json\/wp\/v2\/tags?post=21515"}],"curies":[{"name":"wp","href":"https:\/\/api.w.org\/{rel}","templated":true}]}}