{"id":21477,"date":"2025-06-16T14:26:54","date_gmt":"2025-06-16T20:26:54","guid":{"rendered":"https:\/\/zonalimitrofe-cbnr.com\/?p=21477"},"modified":"2025-06-16T14:26:54","modified_gmt":"2025-06-16T20:26:54","slug":"torreon-penoles-invita-a-redescubrir-los-arboles-regionales-de-la-laguna","status":"publish","type":"post","link":"https:\/\/zonalimitrofe-cbnr.com\/index.php\/2025\/06\/16\/torreon-penoles-invita-a-redescubrir-los-arboles-regionales-de-la-laguna\/","title":{"rendered":"#Torre\u00f3n. Pe\u00f1oles invita a redescubrir los \u00e1rboles regionales de La Laguna"},"content":{"rendered":"\n<p>Torre\u00f3n, Coah., 16 de junio de 2025.- En su continuo compromiso con la reforestaci\u00f3n y la educaci\u00f3n ambiental, Pe\u00f1oles ofrecer\u00e1 un taller dedicado a los \u00e1rboles regionales de la Comarca Lagunera el pr\u00f3ximo 21 de junio, de 9:00 a 11:00 horas, en el vivero de la empresa, brindando una oportunidad para que la comunidad conozca de cerca la flora nativa y aprenda sobre su importancia y cuidado.<\/p>\n\n\n\n<p>Este taller titulado C\u00f3mo elegir \u00e1rboles para nuestra casa o colonia, abordar\u00e1 las caracter\u00edsticas de las especies arb\u00f3reas propias de la regi\u00f3n, destacando su relevancia ecol\u00f3gica, su adaptaci\u00f3n al clima semi\u00e1rido de La Laguna y los beneficios que aportan al medio ambiente. Los participantes conocer\u00e1n sobre las necesidades de espacio, forma de enraizamiento, crecimiento y necesidades de riego.<\/p>\n\n\n\n<p>Tambi\u00e9n realizar\u00e1n un recorrido por el Vivero Pe\u00f1oles, donde tendr\u00e1n la oportunidad de aprender sobre los procesos de recolecci\u00f3n de semillas, germinaci\u00f3n, desarrollo y plantaci\u00f3n de estos \u00e1rboles, conocimientos fundamentales para quienes deseen contribuir activamente a la reforestaci\u00f3n local, y recibir\u00e1n informaci\u00f3n sobre las especies de \u00e1rboles disponibles para donaci\u00f3n.<\/p>\n\n\n\n<p>La iniciativa de Pe\u00f1oles subraya la importancia de utilizar especies regionales en los esfuerzos de restauraci\u00f3n ambiental, ya que estas plantas est\u00e1n mejor adaptadas a las condiciones locales y requieren menos recursos h\u00eddricos para su supervivencia. Adem\u00e1s, los \u00e1rboles nativos juegan un papel crucial en el mantenimiento de la biodiversidad, proporcionando h\u00e1bitat y alimento para la fauna de la regi\u00f3n.<\/p>\n\n\n\n<p>El vivero de Pe\u00f1oles, cuya capacidad de producci\u00f3n es de m\u00e1s de 200 mil ejemplares por a\u00f1o, ser\u00e1 el escenario para este taller, permitiendo a los asistentes observar de primera mano el trabajo que la empresa realiza en la propagaci\u00f3n de \u00e1rboles y en su campa\u00f1a anual de reforestaci\u00f3n la cual realiza desde 1982.<\/p>\n\n\n\n<p>Los vecinos, instituciones, estudiantes y p\u00fablico en general interesados en participar en este taller, pueden comunicarse al Museo de los Metales para registrarse en el tel\u00e9fono 8717295500 extensi\u00f3n 7030 o bien a los correos esther_morari@penoles.com.mx y ana_mijares@penoles.com.mx<\/p>\n\n\n\n<p>Esta es una excelente ocasi\u00f3n para profundizar en el conocimiento de los \u00e1rboles que definen el paisaje lagunero, adquiriendo las herramientas necesarias para sumarse a los esfuerzos de reforestaci\u00f3n y cuidado del entorno.<\/p>\n","protected":false},"excerpt":{"rendered":"<p>Torre\u00f3n, Coah., 16 de junio de 2025.- En su continuo compromiso con la reforestaci\u00f3n y la educaci\u00f3n ambiental, Pe\u00f1oles ofrecer\u00e1 un taller dedicado a los \u00e1rboles regionales de la Comarca Lagunera el pr\u00f3ximo 21 de junio, de 9:00 a 11:00 horas, en el vivero de la empresa, brindando una oportunidad para que la comunidad conozca [&hellip;]<\/p>\n","protected":false},"author":1,"featured_media":21478,"comment_status":"open","ping_status":"open","sticky":false,"template":"","format":"standard","meta":{"_monsterinsights_skip_tracking":false,"_monsterinsights_sitenote_active":false,"_monsterinsights_sitenote_note":"","_monsterinsights_sitenote_category":0,"footnotes":""},"categories":[1],"tags":[],"_links":{"self":[{"href":"https:\/\/zonalimitrofe-cbnr.com\/index.php\/wp-json\/wp\/v2\/posts\/21477"}],"collection":[{"href":"https:\/\/zonalimitrofe-cbnr.com\/index.php\/wp-json\/wp\/v2\/posts"}],"about":[{"href":"https:\/\/zonalimitrofe-cbnr.com\/index.php\/wp-json\/wp\/v2\/types\/post"}],"author":[{"embeddable":true,"href":"https:\/\/zonalimitrofe-cbnr.com\/index.php\/wp-json\/wp\/v2\/users\/1"}],"replies":[{"embeddable":true,"href":"https:\/\/zonalimitrofe-cbnr.com\/index.php\/wp-json\/wp\/v2\/comments?post=21477"}],"version-history":[{"count":1,"href":"https:\/\/zonalimitrofe-cbnr.com\/index.php\/wp-json\/wp\/v2\/posts\/21477\/revisions"}],"predecessor-version":[{"id":21479,"href":"https:\/\/zonalimitrofe-cbnr.com\/index.php\/wp-json\/wp\/v2\/posts\/21477\/revisions\/21479"}],"wp:featuredmedia":[{"embeddable":true,"href":"https:\/\/zonalimitrofe-cbnr.com\/index.php\/wp-json\/wp\/v2\/media\/21478"}],"wp:attachment":[{"href":"https:\/\/zonalimitrofe-cbnr.com\/index.php\/wp-json\/wp\/v2\/media?parent=21477"}],"wp:term":[{"taxonomy":"category","embeddable":true,"href":"https:\/\/zonalimitrofe-cbnr.com\/index.php\/wp-json\/wp\/v2\/categories?post=21477"},{"taxonomy":"post_tag","embeddable":true,"href":"https:\/\/zonalimitrofe-cbnr.com\/index.php\/wp-json\/wp\/v2\/tags?post=21477"}],"curies":[{"name":"wp","href":"https:\/\/api.w.org\/{rel}","templated":true}]}}