{"id":21373,"date":"2025-06-12T18:18:31","date_gmt":"2025-06-13T00:18:31","guid":{"rendered":"https:\/\/zonalimitrofe-cbnr.com\/?p=21373"},"modified":"2025-06-12T18:18:31","modified_gmt":"2025-06-13T00:18:31","slug":"torreon-invitan-a-la-jornada-de-reforestacion-planta-un-arbol-y-siembra-vida","status":"publish","type":"post","link":"https:\/\/zonalimitrofe-cbnr.com\/index.php\/2025\/06\/12\/torreon-invitan-a-la-jornada-de-reforestacion-planta-un-arbol-y-siembra-vida\/","title":{"rendered":"#Torre\u00f3n. Invitan a la jornada de reforestaci\u00f3n \u201cPlanta un \u00e1rbol y siembra vida\u201d"},"content":{"rendered":"\n<p><strong>Torre\u00f3n, Coahuila. A 12 de junio de 2025.-<\/strong>Con motivo de la conmemoraci\u00f3n del D\u00eda Mundial del Medio Ambiente, establecido el 5 de junio, y como parte del compromiso con el desarrollo sustentable de la ciudad, la Administraci\u00f3n Municipal encabezada por el alcalde Rom\u00e1n Alberto Cepeda Gonz\u00e1lez, invita a la ciudadan\u00eda a participar en la jornada de reforestaci\u00f3n \u201cPlanta un \u00e1rbol y siembra vida\u201d. La actividad se llevar\u00e1 a cabo el pr\u00f3ximo s\u00e1bado 14 de junio en el Bosque Venustiano Carranza, a partir de las 09:30 horas. Marcelo S\u00e1nchez, director de Medio Ambiente, dijo que la iniciativa forma parte de un programa orientado a restaurar, conservar y fortalecer las \u00e1reas verdes de Torre\u00f3n, reconociendo su papel fundamental en la mitigaci\u00f3n del cambio clim\u00e1tico y la mejora de la calidad del aire. Dio a conocer que durante la jornada se llevar\u00e1 a cabo la plantaci\u00f3n de 100 especies de \u00e1rboles regionales, como huizache, mezquite y l\u00e1grima de San Pedro, con una reforestaci\u00f3n que no solo busca recuperar espacios verdes, sino tambi\u00e9n sensibilizar a la poblaci\u00f3n sobre la importancia de cuidar el entorno y generar conciencia ambiental desde la acci\u00f3n colectiva. \u201cSumemos esfuerzos para seguir haciendo de nuestra ciudad un lugar m\u00e1s verde y sustentable\u201d, impuls\u00f3 el funcionario. La invitaci\u00f3n est\u00e1 abierta a las personas que deseen contribuir de forma activa a la protecci\u00f3n del medio ambiente. Se sugiere a los participantes acudir con ropa y calzado c\u00f3modos, gorra o sombrero, bloqueador solar y termo para hidratarse. \u201cEsta jornada representa m\u00e1s que la siembra de \u00e1rboles, es una oportunidad para fortalecer el sentido de comunidad y el compromiso con las futuras generaciones, promoviendo una visi\u00f3n de ciudad en armon\u00eda con la naturaleza\u201d, destac\u00f3 el director.<\/p>\n","protected":false},"excerpt":{"rendered":"<p>Torre\u00f3n, Coahuila. A 12 de junio de 2025.-Con motivo de la conmemoraci\u00f3n del D\u00eda Mundial del Medio Ambiente, establecido el 5 de junio, y como parte del compromiso con el desarrollo sustentable de la ciudad, la Administraci\u00f3n Municipal encabezada por el alcalde Rom\u00e1n Alberto Cepeda Gonz\u00e1lez, invita a la ciudadan\u00eda a participar en la jornada [&hellip;]<\/p>\n","protected":false},"author":1,"featured_media":21374,"comment_status":"open","ping_status":"open","sticky":false,"template":"","format":"standard","meta":{"_monsterinsights_skip_tracking":false,"_monsterinsights_sitenote_active":false,"_monsterinsights_sitenote_note":"","_monsterinsights_sitenote_category":0,"footnotes":""},"categories":[1],"tags":[],"_links":{"self":[{"href":"https:\/\/zonalimitrofe-cbnr.com\/index.php\/wp-json\/wp\/v2\/posts\/21373"}],"collection":[{"href":"https:\/\/zonalimitrofe-cbnr.com\/index.php\/wp-json\/wp\/v2\/posts"}],"about":[{"href":"https:\/\/zonalimitrofe-cbnr.com\/index.php\/wp-json\/wp\/v2\/types\/post"}],"author":[{"embeddable":true,"href":"https:\/\/zonalimitrofe-cbnr.com\/index.php\/wp-json\/wp\/v2\/users\/1"}],"replies":[{"embeddable":true,"href":"https:\/\/zonalimitrofe-cbnr.com\/index.php\/wp-json\/wp\/v2\/comments?post=21373"}],"version-history":[{"count":1,"href":"https:\/\/zonalimitrofe-cbnr.com\/index.php\/wp-json\/wp\/v2\/posts\/21373\/revisions"}],"predecessor-version":[{"id":21375,"href":"https:\/\/zonalimitrofe-cbnr.com\/index.php\/wp-json\/wp\/v2\/posts\/21373\/revisions\/21375"}],"wp:featuredmedia":[{"embeddable":true,"href":"https:\/\/zonalimitrofe-cbnr.com\/index.php\/wp-json\/wp\/v2\/media\/21374"}],"wp:attachment":[{"href":"https:\/\/zonalimitrofe-cbnr.com\/index.php\/wp-json\/wp\/v2\/media?parent=21373"}],"wp:term":[{"taxonomy":"category","embeddable":true,"href":"https:\/\/zonalimitrofe-cbnr.com\/index.php\/wp-json\/wp\/v2\/categories?post=21373"},{"taxonomy":"post_tag","embeddable":true,"href":"https:\/\/zonalimitrofe-cbnr.com\/index.php\/wp-json\/wp\/v2\/tags?post=21373"}],"curies":[{"name":"wp","href":"https:\/\/api.w.org\/{rel}","templated":true}]}}