{"id":21367,"date":"2025-06-12T18:00:40","date_gmt":"2025-06-13T00:00:40","guid":{"rendered":"https:\/\/zonalimitrofe-cbnr.com\/?p=21367"},"modified":"2025-06-12T18:00:41","modified_gmt":"2025-06-13T00:00:41","slug":"durango-esteban-fortalece-al-tecnologico-de-durango-con-nueva-infraestructura-y-atencion-medica","status":"publish","type":"post","link":"https:\/\/zonalimitrofe-cbnr.com\/index.php\/2025\/06\/12\/durango-esteban-fortalece-al-tecnologico-de-durango-con-nueva-infraestructura-y-atencion-medica\/","title":{"rendered":"#Durango. Esteban fortalece al Tecnol\u00f3gico de Durango con nueva infraestructura y atenci\u00f3n m\u00e9dica*"},"content":{"rendered":"\n<ul>\n<li><em>Arranca construcci\u00f3n de Unidad M\u00e9dica y entrega gimnasio alterno con inversi\u00f3n superior a 7 millones de pesos<\/em><\/li>\n\n\n\n<li><em>M\u00e1s de 7 mil estudiantes del ITD ser\u00e1n beneficiados con espacios de salud, deporte y bienestar<\/em><\/li>\n<\/ul>\n\n\n\n<p>Con la entrega del Gimnasio Alterno y el arranque de la construcci\u00f3n de una Unidad M\u00e9dica en el Instituto Tecnol\u00f3gico de Durango (ITD), el gobernador Esteban Villegas Villarreal refuerza la infraestructura educativa de esta instituci\u00f3n con una inversi\u00f3n superior a los 7 millones de pesos. Estas obras impactar\u00e1n directamente a m\u00e1s de 7 mil estudiantes, al ofrecer mejores condiciones en salud, deporte y calidad de vida universitaria.<\/p>\n\n\n\n<p>\u201cVengo a cumplir con la palabra de poner la primera piedra de la cl\u00ednica, que estar\u00e1 lista para finales de octubre, y la entrega de la cancha de usos m\u00faltiples\u201d, expres\u00f3 el mandatario estatal. A\u00f1adi\u00f3 que esta cl\u00ednica cambiar\u00e1 por completo la din\u00e1mica del plantel, al brindar atenci\u00f3n m\u00e9dica directa a estudiantes y docentes, adem\u00e1s de contar con el primer lactario en una instituci\u00f3n de educaci\u00f3n superior en el estado, \u201cpor las maestras y alumnas que ya tienen hijos y que requieren estos espacios\u201d.<\/p>\n\n\n\n<p>Durante su visita, Villegas Villarreal tambi\u00e9n se comprometi\u00f3 a gestionar la construcci\u00f3n de una velaria, la entrega de 100 becas para estudiar ingl\u00e9s, as\u00ed como uniformes deportivos y culturales para estudiantes con mayor necesidad. \u201cLa educaci\u00f3n es una de las principales prioridades de este gobierno\u201d, reiter\u00f3.<\/p>\n\n\n\n<p>El alcalde de Durango, Jos\u00e9 Bonifacio Herrera, destac\u00f3 el compromiso del Gobernador con la educaci\u00f3n como el principal programa social. Por su parte, el director del ITD, Guillermo de Anda Rodr\u00edguez, reconoci\u00f3 el impacto de estas acciones: \u201cGracias por transformar vidas a trav\u00e9s de la educaci\u00f3n, con gran infraestructura, que es la semilla de un desarrollo sustentable\u201d.<\/p>\n\n\n\n<p>La obra contempla una superficie de 180 metros cuadrados, con cuatro consultorios, sala de espera, \u00e1rea de enfermer\u00eda y curaciones, archivo, sanitario, zona s\u00e9ptica y un cub\u00edculo lactario. El gimnasio alterno incluye cancha de concreto con duela sint\u00e9tica para b\u00e1squetbol y voleibol, tableros profesionales, iluminaci\u00f3n, gradas y m\u00f3dulos adaptados para personas con discapacidad. La inversi\u00f3n en esta etapa alcanza los 3.8 millones de pesos, informaron Ana Rosa Hern\u00e1ndez titular de la Secretar\u00eda de Obras P\u00fablicas (SECOPE) y Emmanuel del Palacio Sicsik, director del INIFEED.<\/p>\n\n\n\n<p>Christian Arrieta Sol\u00eds, presidente de la Sociedad de Alumnos del ITD, destac\u00f3 la importancia de contar con mejores espacios para el desarrollo integral de los estudiantes y agradeci\u00f3 al Gobernador por fortalecer la infraestructura del plantel. Al evento asistieron tambi\u00e9n el secretario General de Gobierno, H\u00e9ctor Vela Valenzuela; el titular de la Secretar\u00eda de Educaci\u00f3n, Guillermo Adame Calder\u00f3n; as\u00ed como docentes y alumnos del Tecnol\u00f3gico.<\/p>\n","protected":false},"excerpt":{"rendered":"<p>Con la entrega del Gimnasio Alterno y el arranque de la construcci\u00f3n de una Unidad M\u00e9dica en el Instituto Tecnol\u00f3gico de Durango (ITD), el gobernador Esteban Villegas Villarreal refuerza la infraestructura educativa de esta instituci\u00f3n con una inversi\u00f3n superior a los 7 millones de pesos. Estas obras impactar\u00e1n directamente a m\u00e1s de 7 mil estudiantes, [&hellip;]<\/p>\n","protected":false},"author":1,"featured_media":21368,"comment_status":"open","ping_status":"open","sticky":false,"template":"","format":"standard","meta":{"_monsterinsights_skip_tracking":false,"_monsterinsights_sitenote_active":false,"_monsterinsights_sitenote_note":"","_monsterinsights_sitenote_category":0,"footnotes":""},"categories":[1],"tags":[],"_links":{"self":[{"href":"https:\/\/zonalimitrofe-cbnr.com\/index.php\/wp-json\/wp\/v2\/posts\/21367"}],"collection":[{"href":"https:\/\/zonalimitrofe-cbnr.com\/index.php\/wp-json\/wp\/v2\/posts"}],"about":[{"href":"https:\/\/zonalimitrofe-cbnr.com\/index.php\/wp-json\/wp\/v2\/types\/post"}],"author":[{"embeddable":true,"href":"https:\/\/zonalimitrofe-cbnr.com\/index.php\/wp-json\/wp\/v2\/users\/1"}],"replies":[{"embeddable":true,"href":"https:\/\/zonalimitrofe-cbnr.com\/index.php\/wp-json\/wp\/v2\/comments?post=21367"}],"version-history":[{"count":1,"href":"https:\/\/zonalimitrofe-cbnr.com\/index.php\/wp-json\/wp\/v2\/posts\/21367\/revisions"}],"predecessor-version":[{"id":21369,"href":"https:\/\/zonalimitrofe-cbnr.com\/index.php\/wp-json\/wp\/v2\/posts\/21367\/revisions\/21369"}],"wp:featuredmedia":[{"embeddable":true,"href":"https:\/\/zonalimitrofe-cbnr.com\/index.php\/wp-json\/wp\/v2\/media\/21368"}],"wp:attachment":[{"href":"https:\/\/zonalimitrofe-cbnr.com\/index.php\/wp-json\/wp\/v2\/media?parent=21367"}],"wp:term":[{"taxonomy":"category","embeddable":true,"href":"https:\/\/zonalimitrofe-cbnr.com\/index.php\/wp-json\/wp\/v2\/categories?post=21367"},{"taxonomy":"post_tag","embeddable":true,"href":"https:\/\/zonalimitrofe-cbnr.com\/index.php\/wp-json\/wp\/v2\/tags?post=21367"}],"curies":[{"name":"wp","href":"https:\/\/api.w.org\/{rel}","templated":true}]}}