{"id":21344,"date":"2025-06-11T16:50:18","date_gmt":"2025-06-11T22:50:18","guid":{"rendered":"https:\/\/zonalimitrofe-cbnr.com\/?p=21344"},"modified":"2025-06-11T16:50:19","modified_gmt":"2025-06-11T22:50:19","slug":"torreon-curso-de-manejo-defensivo-y-preventivo-llega-a-la-generacion-100-de-motociclistas-capacitados","status":"publish","type":"post","link":"https:\/\/zonalimitrofe-cbnr.com\/index.php\/2025\/06\/11\/torreon-curso-de-manejo-defensivo-y-preventivo-llega-a-la-generacion-100-de-motociclistas-capacitados\/","title":{"rendered":"#Torre\u00f3n. Curso de manejo defensivo y preventivo llega a la \u201cGeneraci\u00f3n 100\u201d de motociclistas capacitados"},"content":{"rendered":"\n<p>Torre\u00f3n, Coahuila. A 11 de junio de 2025<br>La Direcci\u00f3n de Vialidad y Movilidad Urbana de Torre\u00f3n celebr\u00f3 llegar a la<br>generaci\u00f3n n\u00famero 100 de motociclistas capacitados dentro del curso defensivo y<br>preventivo, que tiene como objetivo brindarles herramientas para que conduzcan<br>de una manera segura y responsable.<br>Luis Alberto Morales Cort\u00e9s, director de la dependencia, indic\u00f3 que la cifra de<br>motociclistas capacitados en lo que va del a\u00f1o es de 3 mil 121, que se suman a<br>las 189 generaciones de la Administraci\u00f3n Municipal pasada, con 5 mil 464<br>participantes.<br>\u201cEs as\u00ed como alcanzamos ya la cifra de un total de 8 mil 585 motociclistas<br>capacitados, y con este n\u00famero, ya estamos en un 50 por ciento de conductores<br>que utilizan este medio de transporte, debido a que seg\u00fan datos del INEGI en<br>2023, se contabilizan 16 mil 661 motociclistas en la ciudad\u201d, se\u00f1al\u00f3.<br>El director mencion\u00f3 que este aumento en la capacitaci\u00f3n ha impactado en una<br>disminuci\u00f3n en los accidentes viales que involucran motocicletas, y dijo que<br>durante esta formaci\u00f3n se sensibiliza al conductor sobre el uso del casco,<br>velocidad apropiada y respeto al reglamento.<br>Adem\u00e1s, destac\u00f3 que cerca del 30 por ciento de los motociclistas que asisten a los<br>cursos lo hacen de manera voluntaria, sin que se les haya requerido en alg\u00fan<br>operativo del programa Conduce Seguro.<br>Por su parte, Cristian Torres, coordinador de la Direcci\u00f3n de Movilidad no<br>Motorizada, coment\u00f3 que durante esta Administraci\u00f3n se ampli\u00f3 la cobertura de<br>estas capacitaciones, al acudir a las colonias en los Centros Comunitarios, donde<br>se ha tenido una gran presencia por parte de j\u00f3venes, quienes se ha visto que son<br>los que mayormente utilizan este medio de transporte.<br>Cabe mencionar que por instrucciones del alcalde Rom\u00e1n Alberto Cepeda<br>Gonz\u00e1lez, se sortean cascos entre quienes concluyen la capacitaci\u00f3n, ayudando<br>de esta manera a la econom\u00eda familiar y a fortalecer la Seguridad Vial.<br>Para quienes deseen ser parte de estos cursos pueden dirigirse a las oficinas de<br>la Direcci\u00f3n de Vialidad y Movilidad Urbana que est\u00e1n ubicadas en el antiguo<br>Banco de M\u00e9xico, o mediante las redes sociales de la dependencia como es en<br>Facebook: Direcci\u00f3n de Tr\u00e1nsito y Vialidad de Torre\u00f3n.<\/p>\n","protected":false},"excerpt":{"rendered":"<p>Torre\u00f3n, Coahuila. A 11 de junio de 2025La Direcci\u00f3n de Vialidad y Movilidad Urbana de Torre\u00f3n celebr\u00f3 llegar a lageneraci\u00f3n n\u00famero 100 de motociclistas capacitados dentro del curso defensivo ypreventivo, que tiene como objetivo brindarles herramientas para que conduzcande una manera segura y responsable.Luis Alberto Morales Cort\u00e9s, director de la dependencia, indic\u00f3 que la cifra [&hellip;]<\/p>\n","protected":false},"author":1,"featured_media":21345,"comment_status":"open","ping_status":"open","sticky":false,"template":"","format":"standard","meta":{"_monsterinsights_skip_tracking":false,"_monsterinsights_sitenote_active":false,"_monsterinsights_sitenote_note":"","_monsterinsights_sitenote_category":0,"footnotes":""},"categories":[1],"tags":[],"_links":{"self":[{"href":"https:\/\/zonalimitrofe-cbnr.com\/index.php\/wp-json\/wp\/v2\/posts\/21344"}],"collection":[{"href":"https:\/\/zonalimitrofe-cbnr.com\/index.php\/wp-json\/wp\/v2\/posts"}],"about":[{"href":"https:\/\/zonalimitrofe-cbnr.com\/index.php\/wp-json\/wp\/v2\/types\/post"}],"author":[{"embeddable":true,"href":"https:\/\/zonalimitrofe-cbnr.com\/index.php\/wp-json\/wp\/v2\/users\/1"}],"replies":[{"embeddable":true,"href":"https:\/\/zonalimitrofe-cbnr.com\/index.php\/wp-json\/wp\/v2\/comments?post=21344"}],"version-history":[{"count":1,"href":"https:\/\/zonalimitrofe-cbnr.com\/index.php\/wp-json\/wp\/v2\/posts\/21344\/revisions"}],"predecessor-version":[{"id":21346,"href":"https:\/\/zonalimitrofe-cbnr.com\/index.php\/wp-json\/wp\/v2\/posts\/21344\/revisions\/21346"}],"wp:featuredmedia":[{"embeddable":true,"href":"https:\/\/zonalimitrofe-cbnr.com\/index.php\/wp-json\/wp\/v2\/media\/21345"}],"wp:attachment":[{"href":"https:\/\/zonalimitrofe-cbnr.com\/index.php\/wp-json\/wp\/v2\/media?parent=21344"}],"wp:term":[{"taxonomy":"category","embeddable":true,"href":"https:\/\/zonalimitrofe-cbnr.com\/index.php\/wp-json\/wp\/v2\/categories?post=21344"},{"taxonomy":"post_tag","embeddable":true,"href":"https:\/\/zonalimitrofe-cbnr.com\/index.php\/wp-json\/wp\/v2\/tags?post=21344"}],"curies":[{"name":"wp","href":"https:\/\/api.w.org\/{rel}","templated":true}]}}