{"id":21341,"date":"2025-06-11T16:35:51","date_gmt":"2025-06-11T22:35:51","guid":{"rendered":"https:\/\/zonalimitrofe-cbnr.com\/?p=21341"},"modified":"2025-06-11T16:35:51","modified_gmt":"2025-06-11T22:35:51","slug":"durango-esteban-y-homero-cumplen-con-estudiantes-de-lerdo-entregan-aulas-biblioteca-e-infraestructura-moderna-en-el-iesen","status":"publish","type":"post","link":"https:\/\/zonalimitrofe-cbnr.com\/index.php\/2025\/06\/11\/durango-esteban-y-homero-cumplen-con-estudiantes-de-lerdo-entregan-aulas-biblioteca-e-infraestructura-moderna-en-el-iesen\/","title":{"rendered":"#Durango. Esteban y Homero cumplen con estudiantes de Lerdo: entregan aulas, biblioteca e infraestructura moderna en el IESEN*"},"content":{"rendered":"\n<ul>\n<li><em>M\u00e1s de 39 mdp para mejorar instalaciones, con nuevas aulas, red el\u00e9ctrica y una biblioteca en construcci\u00f3n para fortalecer la formaci\u00f3n acad\u00e9mica.<\/em><\/li>\n\n\n\n<li><em>Gobernador anunci\u00f3 internet gratuito y m\u00e1s apoyos para la comunidad educativa de esta instituci\u00f3n.<\/em><\/li>\n<\/ul>\n\n\n\n<p>Lerdo, Durango.\u2014 Vienen importantes logros para Lerdo; por ello, hoy le apostamos al talento duranguense y le cumplimos a la educaci\u00f3n, afirm\u00f3 el gobernador Esteban Villegas Villarreal durante la entrega de tres aulas, una nueva red el\u00e9ctrica y la supervisi\u00f3n de la construcci\u00f3n de la biblioteca en el Instituto de Estudios Superiores de Educaci\u00f3n Normal \u201cGeneral L\u00e1zaro C\u00e1rdenas del R\u00edo\u201d (IESEN).<\/p>\n\n\n\n<p>Acompa\u00f1ado por estudiantes, docentes y el presidente municipal Homero Mart\u00ednez Cabrera, el mandatario estatal subray\u00f3 que estas obras representan una inversi\u00f3n superior a los 39 millones de pesos y contribuyen directamente al desarrollo acad\u00e9mico y a la formaci\u00f3n de grandes talentos duranguenses.<\/p>\n\n\n\n<p>Homero Mart\u00ednez destac\u00f3 la coordinaci\u00f3n con el gobierno estatal: \u201cEl Gobernador env\u00eda a los municipios sus participaciones en tiempo y forma. Gracias a ello podemos fortalecer la infraestructura educativa. Adem\u00e1s, Lerdo est\u00e1 por levantar bandera blanca en agua potable y se mantiene entre los municipios m\u00e1s seguros del estado, lo que impulsa el desarrollo econ\u00f3mico, la atracci\u00f3n de inversiones y m\u00e1s oportunidades para nuestros j\u00f3venes.\u201d<\/p>\n\n\n\n<p>Por su parte, Emmanuel del Palacio Sicsik, director del Instituto para la Infraestructura F\u00edsica Educativa del Estado de Durango (INIFEED), explic\u00f3 que el proyecto de la biblioteca inicialmente contaba con un presupuesto de 13.5 millones de pesos, al que el gobernador sum\u00f3 10 millones m\u00e1s para asegurar espacios funcionales y de calidad. La obra tambi\u00e9n incluye la entrega de tres aulas totalmente equipadas y una instalaci\u00f3n el\u00e9ctrica moderna.<\/p>\n\n\n\n<p>La directora del IESEN, Luc\u00eda Hern\u00e1ndez de la Fuente, reconoci\u00f3 el compromiso del Gobierno del Estado: \u201cSu presencia reafirma el compromiso con la educaci\u00f3n. Esta nueva biblioteca contar\u00e1 con sala de lectura, sala digital, oficinas, vest\u00edbulo, una sala de juntas con cafeter\u00eda, y espacio para 80 estanter\u00edas. Gracias por hacer realidad estos espacios donde se construyen sue\u00f1os.\u201d<\/p>\n\n\n\n<p>A nombre de la comunidad estudiantil, Ana Cristina Cha\u00eddez, alumna de octavo semestre, expres\u00f3 su gratitud: \u201cGracias por creer en la educaci\u00f3n y en la formaci\u00f3n de docentes. Gracias a Esteban Villegas se mejora nuestro ambiente de aprendizaje. Gobernar tambi\u00e9n es educar, y usted lo ha hecho por miles de docentes. Nuestro m\u00e1s profundo agradecimiento.\u201d<\/p>\n\n\n\n<p>Para cerrar el evento, el gobernador dirigi\u00f3 un mensaje inspirador a las y los j\u00f3venes: \u201cDicen que la diferencia entre hacer lo ordinario y lo extraordinario es ese toque de locura. Sue\u00f1en en grande, cr\u00e9ansela. Necesitamos j\u00f3venes libres, que vivan su vida y su juventud. Todo se puede alcanzar. Cuenten conmigo: La Laguna tiene amigo Gobernador.\u201d<\/p>\n","protected":false},"excerpt":{"rendered":"<p>Lerdo, Durango.\u2014 Vienen importantes logros para Lerdo; por ello, hoy le apostamos al talento duranguense y le cumplimos a la educaci\u00f3n, afirm\u00f3 el gobernador Esteban Villegas Villarreal durante la entrega de tres aulas, una nueva red el\u00e9ctrica y la supervisi\u00f3n de la construcci\u00f3n de la biblioteca en el Instituto de Estudios Superiores de Educaci\u00f3n Normal [&hellip;]<\/p>\n","protected":false},"author":1,"featured_media":21342,"comment_status":"open","ping_status":"open","sticky":false,"template":"","format":"standard","meta":{"_monsterinsights_skip_tracking":false,"_monsterinsights_sitenote_active":false,"_monsterinsights_sitenote_note":"","_monsterinsights_sitenote_category":0,"footnotes":""},"categories":[1],"tags":[],"_links":{"self":[{"href":"https:\/\/zonalimitrofe-cbnr.com\/index.php\/wp-json\/wp\/v2\/posts\/21341"}],"collection":[{"href":"https:\/\/zonalimitrofe-cbnr.com\/index.php\/wp-json\/wp\/v2\/posts"}],"about":[{"href":"https:\/\/zonalimitrofe-cbnr.com\/index.php\/wp-json\/wp\/v2\/types\/post"}],"author":[{"embeddable":true,"href":"https:\/\/zonalimitrofe-cbnr.com\/index.php\/wp-json\/wp\/v2\/users\/1"}],"replies":[{"embeddable":true,"href":"https:\/\/zonalimitrofe-cbnr.com\/index.php\/wp-json\/wp\/v2\/comments?post=21341"}],"version-history":[{"count":1,"href":"https:\/\/zonalimitrofe-cbnr.com\/index.php\/wp-json\/wp\/v2\/posts\/21341\/revisions"}],"predecessor-version":[{"id":21343,"href":"https:\/\/zonalimitrofe-cbnr.com\/index.php\/wp-json\/wp\/v2\/posts\/21341\/revisions\/21343"}],"wp:featuredmedia":[{"embeddable":true,"href":"https:\/\/zonalimitrofe-cbnr.com\/index.php\/wp-json\/wp\/v2\/media\/21342"}],"wp:attachment":[{"href":"https:\/\/zonalimitrofe-cbnr.com\/index.php\/wp-json\/wp\/v2\/media?parent=21341"}],"wp:term":[{"taxonomy":"category","embeddable":true,"href":"https:\/\/zonalimitrofe-cbnr.com\/index.php\/wp-json\/wp\/v2\/categories?post=21341"},{"taxonomy":"post_tag","embeddable":true,"href":"https:\/\/zonalimitrofe-cbnr.com\/index.php\/wp-json\/wp\/v2\/tags?post=21341"}],"curies":[{"name":"wp","href":"https:\/\/api.w.org\/{rel}","templated":true}]}}