{"id":21338,"date":"2025-06-11T16:31:35","date_gmt":"2025-06-11T22:31:35","guid":{"rendered":"https:\/\/zonalimitrofe-cbnr.com\/?p=21338"},"modified":"2025-06-11T16:31:36","modified_gmt":"2025-06-11T22:31:36","slug":"lerdo-inician-campana-de-reforestacion-en-lerdo","status":"publish","type":"post","link":"https:\/\/zonalimitrofe-cbnr.com\/index.php\/2025\/06\/11\/lerdo-inician-campana-de-reforestacion-en-lerdo\/","title":{"rendered":"#Lerdo. INICIAN CAMPA\u00d1A DE REFORESTACI\u00d3N EN LERDO*"},"content":{"rendered":"\n<p>Lerdo, 11 de junio 2025.- En el marco del D\u00eda Mundial del Medio Ambiente, que se celebra el 05 de junio, el Gobierno Municipal de Lerdo a trav\u00e9s de la Direcci\u00f3n de Ecolog\u00eda y Medio Ambiente, inici\u00f3 la campa\u00f1a de Reforestaci\u00f3n en la Escuela Secundaria Ricardo Flores Mag\u00f3n.<\/p>\n\n\n\n<p>El titular de Medio Ambiente, Ricardo D\u00edaz Segovia comparti\u00f3 que se llev\u00f3 a cabo una reforestaci\u00f3n simult\u00e1nea en zona rural y urbana, iniciando en la Secundaria Ricardo Flores Mag\u00f3n de la colonia Villa Jard\u00edn, y continuando en la Escuela Primaria l\u00e1zaro C\u00e1rdenas de la comunidad de Sapioriz.<\/p>\n\n\n\n<p>Agradeci\u00f3 a los directivos, personal docente y alumnos que se sumaron para plantar los ejemplares de \u00e1rboles, y comprometerse con el riego y su cuidado. Asimismo, dio a conocer que por instrucci\u00f3n del Presidente Municipal Homero Mart\u00ednez Cabrera, cada semana se visitar\u00e1 una comunidad o colonia diferente con el m\u00f3dulo m\u00f3vil de la Campa\u00f1a de Reforestaci\u00f3n, exhortando a los habitantes a adoptar un \u00e1rbol.<\/p>\n\n\n\n<p>Record\u00f3 que es importante que cada ciudadano que adopte un ejemplar, se comprometa a conservarlo en buen estado. Y pidi\u00f3 a la poblaci\u00f3n estar atenta a las redes sociales del municipio (Facebook: \u201cGobierno Municipal Lerdo\u201d) para conocer los lugares que se visitar\u00e1n por semana.<\/p>\n","protected":false},"excerpt":{"rendered":"<p>Lerdo, 11 de junio 2025.- En el marco del D\u00eda Mundial del Medio Ambiente, que se celebra el 05 de junio, el Gobierno Municipal de Lerdo a trav\u00e9s de la Direcci\u00f3n de Ecolog\u00eda y Medio Ambiente, inici\u00f3 la campa\u00f1a de Reforestaci\u00f3n en la Escuela Secundaria Ricardo Flores Mag\u00f3n. El titular de Medio Ambiente, Ricardo D\u00edaz [&hellip;]<\/p>\n","protected":false},"author":1,"featured_media":21339,"comment_status":"open","ping_status":"open","sticky":false,"template":"","format":"standard","meta":{"_monsterinsights_skip_tracking":false,"_monsterinsights_sitenote_active":false,"_monsterinsights_sitenote_note":"","_monsterinsights_sitenote_category":0,"footnotes":""},"categories":[1],"tags":[],"_links":{"self":[{"href":"https:\/\/zonalimitrofe-cbnr.com\/index.php\/wp-json\/wp\/v2\/posts\/21338"}],"collection":[{"href":"https:\/\/zonalimitrofe-cbnr.com\/index.php\/wp-json\/wp\/v2\/posts"}],"about":[{"href":"https:\/\/zonalimitrofe-cbnr.com\/index.php\/wp-json\/wp\/v2\/types\/post"}],"author":[{"embeddable":true,"href":"https:\/\/zonalimitrofe-cbnr.com\/index.php\/wp-json\/wp\/v2\/users\/1"}],"replies":[{"embeddable":true,"href":"https:\/\/zonalimitrofe-cbnr.com\/index.php\/wp-json\/wp\/v2\/comments?post=21338"}],"version-history":[{"count":1,"href":"https:\/\/zonalimitrofe-cbnr.com\/index.php\/wp-json\/wp\/v2\/posts\/21338\/revisions"}],"predecessor-version":[{"id":21340,"href":"https:\/\/zonalimitrofe-cbnr.com\/index.php\/wp-json\/wp\/v2\/posts\/21338\/revisions\/21340"}],"wp:featuredmedia":[{"embeddable":true,"href":"https:\/\/zonalimitrofe-cbnr.com\/index.php\/wp-json\/wp\/v2\/media\/21339"}],"wp:attachment":[{"href":"https:\/\/zonalimitrofe-cbnr.com\/index.php\/wp-json\/wp\/v2\/media?parent=21338"}],"wp:term":[{"taxonomy":"category","embeddable":true,"href":"https:\/\/zonalimitrofe-cbnr.com\/index.php\/wp-json\/wp\/v2\/categories?post=21338"},{"taxonomy":"post_tag","embeddable":true,"href":"https:\/\/zonalimitrofe-cbnr.com\/index.php\/wp-json\/wp\/v2\/tags?post=21338"}],"curies":[{"name":"wp","href":"https:\/\/api.w.org\/{rel}","templated":true}]}}