{"id":21332,"date":"2025-06-11T15:11:46","date_gmt":"2025-06-11T21:11:46","guid":{"rendered":"https:\/\/zonalimitrofe-cbnr.com\/?p=21332"},"modified":"2025-06-11T15:11:46","modified_gmt":"2025-06-11T21:11:46","slug":"durango-mas-aulas-y-mejor-infraestructura-para-la-upd-de-gomez-palacio-esteban-y-lety-fortalecen-a-la-comunidad-educativa-con-hechos","status":"publish","type":"post","link":"https:\/\/zonalimitrofe-cbnr.com\/index.php\/2025\/06\/11\/durango-mas-aulas-y-mejor-infraestructura-para-la-upd-de-gomez-palacio-esteban-y-lety-fortalecen-a-la-comunidad-educativa-con-hechos\/","title":{"rendered":"#Durango. M\u00e1s aulas y mejor infraestructura para la UPD de G\u00f3mez Palacio; Esteban y Lety fortalecen a la comunidad educativa con hechos*"},"content":{"rendered":"\n<ul>\n<li><em>Con una inversi\u00f3n de 5.7 mdp, se entrega la rehabilitaci\u00f3n el\u00e9ctrica y se supervisa la construcci\u00f3n de nuevas aulas en la UPD.<\/em><\/li>\n\n\n\n<li><em>Se atiende una necesidad urgente ante la falta de espacios para m\u00e1s de 140 alumnos.<\/em><\/li>\n<\/ul>\n\n\n\n<p>G\u00f3mez Palacio, Dgo.\u2014 Con una inversi\u00f3n superior a los 5.7 millones de pesos, el gobernador Esteban Villegas Villarreal, encabez\u00f3 este mi\u00e9rcoles la entrega de la obra de rehabilitaci\u00f3n el\u00e9ctrica exterior y la supervisi\u00f3n de la construcci\u00f3n de cuatro aulas did\u00e1cticas en la Universidad Pedag\u00f3gica de G\u00f3mez Palacio (UPD), como parte del compromiso con el fortalecimiento de la infraestructura educativa en la regi\u00f3n Lagunera.<\/p>\n\n\n\n<p>Acompa\u00f1ado por la presidenta municipal Leticia Herrera Ale y autoridades educativas, Villegas Villarreal subray\u00f3 la urgencia de intervenir en la instituci\u00f3n para garantizar condiciones dignas de aprendizaje. \u201cA la UPD le urg\u00eda que le meti\u00e9ramos mano, que la volte\u00e1ramos a ver. Estamos haciendo mucha infraestructura educativa\u201d, expres\u00f3 ante estudiantes, docentes y personal directivo.<\/p>\n\n\n\n<p>La rehabilitaci\u00f3n del sistema el\u00e9ctrico represent\u00f3 una inversi\u00f3n de m\u00e1s de un mill\u00f3n de pesos, mientras que el edificio que albergar\u00e1 las nuevas aulas \u2014dos en planta baja y dos en planta alta\u2014 supera los cuatro millones y medio de pesos. En conjunto, se destinaron cerca de seis millones de pesos, incluyendo el equipamiento necesario para su uso inmediato al inicio del pr\u00f3ximo ciclo escolar.<\/p>\n\n\n\n<p>Iliana \u00c1valos Murillo, directora del plantel, celebr\u00f3 que por primera vez un Gobernador visitara la universidad, y destac\u00f3 que esta obra responde a una necesidad urgente, ya que a partir del siguiente semestre, m\u00e1s de 140 estudiantes se quedar\u00edan sin espacios disponibles debido a la p\u00e9rdida de un \u00e1rea externa que ya no puede utilizarse.<\/p>\n\n\n\n<p>Por su parte, Emmanuel del Palacio Sicsik, titular del Instituto para la Infraestructura F\u00edsica Educativa del Estado de Durango (Inifeed), detall\u00f3 que el nuevo edificio contar\u00e1 con dos niveles, aire acondicionado y todos los servicios necesarios. Adem\u00e1s, se contempla una segunda etapa con una techumbre tipo velaria para actividades culturales y acad\u00e9micas al aire libre.<\/p>\n\n\n\n<p>La alcaldesa Leticia Herrera Ale, agradeci\u00f3 el respaldo constante del mandatario estatal: \u201cNunca llega con las manos vac\u00edas nuestro amigo el gobernador Esteban Villegas\u201d, afirm\u00f3, al tiempo que exhort\u00f3 a las y los estudiantes a aprovechar al m\u00e1ximo estos nuevos espacios en su formaci\u00f3n profesional.<\/p>\n\n\n\n<p>Con estas acciones, el Gobierno del Estado reafirma su compromiso con la educaci\u00f3n y el desarrollo regional, garantizando espacios dignos y funcionales para las futuras generaciones de docentes en La Laguna.<\/p>\n","protected":false},"excerpt":{"rendered":"<p>G\u00f3mez Palacio, Dgo.\u2014 Con una inversi\u00f3n superior a los 5.7 millones de pesos, el gobernador Esteban Villegas Villarreal, encabez\u00f3 este mi\u00e9rcoles la entrega de la obra de rehabilitaci\u00f3n el\u00e9ctrica exterior y la supervisi\u00f3n de la construcci\u00f3n de cuatro aulas did\u00e1cticas en la Universidad Pedag\u00f3gica de G\u00f3mez Palacio (UPD), como parte del compromiso con el fortalecimiento [&hellip;]<\/p>\n","protected":false},"author":1,"featured_media":21333,"comment_status":"open","ping_status":"open","sticky":false,"template":"","format":"standard","meta":{"_monsterinsights_skip_tracking":false,"_monsterinsights_sitenote_active":false,"_monsterinsights_sitenote_note":"","_monsterinsights_sitenote_category":0,"footnotes":""},"categories":[1],"tags":[],"_links":{"self":[{"href":"https:\/\/zonalimitrofe-cbnr.com\/index.php\/wp-json\/wp\/v2\/posts\/21332"}],"collection":[{"href":"https:\/\/zonalimitrofe-cbnr.com\/index.php\/wp-json\/wp\/v2\/posts"}],"about":[{"href":"https:\/\/zonalimitrofe-cbnr.com\/index.php\/wp-json\/wp\/v2\/types\/post"}],"author":[{"embeddable":true,"href":"https:\/\/zonalimitrofe-cbnr.com\/index.php\/wp-json\/wp\/v2\/users\/1"}],"replies":[{"embeddable":true,"href":"https:\/\/zonalimitrofe-cbnr.com\/index.php\/wp-json\/wp\/v2\/comments?post=21332"}],"version-history":[{"count":1,"href":"https:\/\/zonalimitrofe-cbnr.com\/index.php\/wp-json\/wp\/v2\/posts\/21332\/revisions"}],"predecessor-version":[{"id":21334,"href":"https:\/\/zonalimitrofe-cbnr.com\/index.php\/wp-json\/wp\/v2\/posts\/21332\/revisions\/21334"}],"wp:featuredmedia":[{"embeddable":true,"href":"https:\/\/zonalimitrofe-cbnr.com\/index.php\/wp-json\/wp\/v2\/media\/21333"}],"wp:attachment":[{"href":"https:\/\/zonalimitrofe-cbnr.com\/index.php\/wp-json\/wp\/v2\/media?parent=21332"}],"wp:term":[{"taxonomy":"category","embeddable":true,"href":"https:\/\/zonalimitrofe-cbnr.com\/index.php\/wp-json\/wp\/v2\/categories?post=21332"},{"taxonomy":"post_tag","embeddable":true,"href":"https:\/\/zonalimitrofe-cbnr.com\/index.php\/wp-json\/wp\/v2\/tags?post=21332"}],"curies":[{"name":"wp","href":"https:\/\/api.w.org\/{rel}","templated":true}]}}