{"id":21329,"date":"2025-06-11T15:03:55","date_gmt":"2025-06-11T21:03:55","guid":{"rendered":"https:\/\/zonalimitrofe-cbnr.com\/?p=21329"},"modified":"2025-06-11T15:03:55","modified_gmt":"2025-06-11T21:03:55","slug":"torreon-roman-cepeda-reafirma-su-compromiso-por-la-seguridad-de-torreon","status":"publish","type":"post","link":"https:\/\/zonalimitrofe-cbnr.com\/index.php\/2025\/06\/11\/torreon-roman-cepeda-reafirma-su-compromiso-por-la-seguridad-de-torreon\/","title":{"rendered":"#Torre\u00f3n. Rom\u00e1n Cepeda reafirma su compromiso por la seguridad de Torre\u00f3n"},"content":{"rendered":"\n<p>Torre\u00f3n, Coahuila. A 11 de junio de 2025. Durante la vig\u00e9sima primera reuni\u00f3n semanal de seguridad, y al estar por<br>cumplirse el primer semestre de esta Administraci\u00f3n Municipal, el alcalde Rom\u00e1n<br>Alberto Cepeda Gonz\u00e1lez ratific\u00f3 su compromiso de seguir destinando el 18.3 po<br>ciento del presupuesto anual al rubro de seguridad, y a mantener la coordinaci\u00f3n<br>con el gobernador Manolo Jim\u00e9nez Salinas, pues consider\u00f3 que estos factores<br>son la clave para que en Torre\u00f3n prevalezca el orden y la paz social.<br>El Presidente Municipal destac\u00f3 que los logros obtenidos en los primeros seis<br>meses de su Administraci\u00f3n, son resultado de la unidad y suma de esfuerzos<br>entre las diferentes corporaciones de los tres \u00f3rdenes de Gobierno, as\u00ed como a la<br>inversi\u00f3n sin precedente que se ejerce en seguridad en Torre\u00f3n.<br>\u201cLa estrategia que tenemos junto con el Gobernador, es que Torre\u00f3n ratifica el<br>compromiso de ser el municipio que m\u00e1s le invierte a la seguridad de todo el pa\u00eds,<br>con el 18.3 por ciento que son 700 millones de pesos, y eso no es un tema de<br>obligatoriedad sino de voluntad de la Administraci\u00f3n, y de todo el equipo que<br>trabajamos en conjunto para atender los temas de paz social\u201d.<br>En ese sentido, Rom\u00e1n Alberto Cepeda Gonz\u00e1lez anunci\u00f3 que en las pr\u00f3ximas<br>semanas, habr\u00e1 una nueva entrega de equipamiento para la Polic\u00eda Municipal de<br>Torre\u00f3n.<br>Adem\u00e1s, el Alcalde destac\u00f3 que como resultado de las condiciones favorables que<br>hay en la ciudad como es en materia de seguridad, Torre\u00f3n se ha mantenido<br>como el municipio que m\u00e1s empleo formal ha generado en todo el Estado,<br>producto tambi\u00e9n de la confianza y credibilidad que hay para invertir en esta<br>ciudad.<br>Por otro lado, en la implementaci\u00f3n de nuevas estrategias de seguridad, el edil<br>consider\u00f3 importante atender el tema de ri\u00f1as donde mayormente se involucran<br>menores de edad, y para prevenir que terminen en lesiones graves e incluso en<br>homicidios, dio la instrucci\u00f3n de crear mecanismos donde se involucre a los<br>padres de familia para que haya una corresponsabilidad de su parte, y asimismo,<br>reforzar la coordinaci\u00f3n con la Procuradur\u00eda para Ni\u00f1os, Ni\u00f1as y la Familia<br>(Pronnif).<\/p>\n\n\n\n<p>El Presidente Municipal tambi\u00e9n gir\u00f3 instrucciones para que la Polic\u00eda de Torre\u00f3n,<br>Tr\u00e1nsito y Vialidad, y Protecci\u00f3n Civil, mantengan dialogo con la Comisi\u00f3n Federal<br>de Electricidad (CFE), pues cada vez son m\u00e1s frecuentes las manifestaciones y<br>bloqueo de bulevares, por los apagones en las colonias de Torre\u00f3n, lo cual puede<br>provocar un problema mayor de seguridad y orden social.<br>Referente al \u00edndice semanal de incidencia delictiva, el comisario Alfredo Flores<br>Originales, director de la Polic\u00eda de Torre\u00f3n, inform\u00f3 que del 3 al 9 de junio,<br>disminuy\u00f3 el \u00edndice delictivo en el rubro de robo a casa-habitaci\u00f3n, con cinco<br>eventos; robo a local comercial con violencia, con un evento; y se mantuvo en<br>rubros como robo a accesorios de veh\u00edculo, con un evento.<br>La Polic\u00eda Municipal efectu\u00f3 107 detenciones que fueron remitidas al Ministerio<br>P\u00fablico y 112 al Juez Calificador.<br>Adem\u00e1s, el Comisario destac\u00f3 el aseguramiento de siete veh\u00edculos por diversos<br>motivos como el llevar placas sobrepuestas y da\u00f1os al medio ambiente, entre<br>otras.<br>Martha Esther Rodr\u00edguez Romero, directora del Centro de Justicia Municipal,<br>inform\u00f3 que hay a disposici\u00f3n de la ciudadan\u00eda la Defensor\u00eda de Oficio para<br>quienes enfrentan un proceso legal y no cuentan con representaci\u00f3n.<br>Tambi\u00e9n indic\u00f3 que en esta semana se registraron tres accidentes dentro de los<br>cuales los conductores salieron positivos al alcohol\u00edmetro en grado 2, y todos<br>negativos al antidoping.<br>Mencion\u00f3 que los elementos periciales se mantienen en recorridos y puntos clave<br>de la ciudad para brindar apoyo inmediato en caso de hechos de tr\u00e1nsito.<br>Luis Alberto Morales Cort\u00e9s, director de Vialidad y Movilidad Urbana, inform\u00f3<br>sobre la rodada conmemorativa del \u201cD\u00eda Mundial de la Bicicleta\u201d, evento que se<br>llev\u00f3 a cabo con el fin de seguir impulsando acciones que fomenten una cultura<br>vial segura y responsable.<br>Adem\u00e1s, habl\u00f3 del programa especial de \u201cSeguridad P\u00fablica y Vial en Escuelas\u201d,<br>donde se exponen temas sobre Educaci\u00f3n Vial, mochila segura y prevenci\u00f3n del<br>delito, el cual se llev\u00f3 a las primarias V\u00edctor M. Vega, ubicada en la colonia L\u00e1zaro<br>C\u00e1rdenas, y Severino Calder\u00f3n Gonz\u00e1lez, ubicada en las Luisas, atendiendo a un<br>total de 200 padres de familia.<br>Tambi\u00e9n, dentro del programa de \u201cEducaci\u00f3n Vial\u201d, visitaron la empresa PABS<br>ubicada en la colonia centro, para dar una capacitaci\u00f3n enfocada a promover la<br>Seguridad Vial.<\/p>\n","protected":false},"excerpt":{"rendered":"<p>Torre\u00f3n, Coahuila. A 11 de junio de 2025. Durante la vig\u00e9sima primera reuni\u00f3n semanal de seguridad, y al estar porcumplirse el primer semestre de esta Administraci\u00f3n Municipal, el alcalde Rom\u00e1nAlberto Cepeda Gonz\u00e1lez ratific\u00f3 su compromiso de seguir destinando el 18.3 pociento del presupuesto anual al rubro de seguridad, y a mantener la coordinaci\u00f3ncon el gobernador [&hellip;]<\/p>\n","protected":false},"author":1,"featured_media":21330,"comment_status":"open","ping_status":"open","sticky":false,"template":"","format":"standard","meta":{"_monsterinsights_skip_tracking":false,"_monsterinsights_sitenote_active":false,"_monsterinsights_sitenote_note":"","_monsterinsights_sitenote_category":0,"footnotes":""},"categories":[1],"tags":[],"_links":{"self":[{"href":"https:\/\/zonalimitrofe-cbnr.com\/index.php\/wp-json\/wp\/v2\/posts\/21329"}],"collection":[{"href":"https:\/\/zonalimitrofe-cbnr.com\/index.php\/wp-json\/wp\/v2\/posts"}],"about":[{"href":"https:\/\/zonalimitrofe-cbnr.com\/index.php\/wp-json\/wp\/v2\/types\/post"}],"author":[{"embeddable":true,"href":"https:\/\/zonalimitrofe-cbnr.com\/index.php\/wp-json\/wp\/v2\/users\/1"}],"replies":[{"embeddable":true,"href":"https:\/\/zonalimitrofe-cbnr.com\/index.php\/wp-json\/wp\/v2\/comments?post=21329"}],"version-history":[{"count":1,"href":"https:\/\/zonalimitrofe-cbnr.com\/index.php\/wp-json\/wp\/v2\/posts\/21329\/revisions"}],"predecessor-version":[{"id":21331,"href":"https:\/\/zonalimitrofe-cbnr.com\/index.php\/wp-json\/wp\/v2\/posts\/21329\/revisions\/21331"}],"wp:featuredmedia":[{"embeddable":true,"href":"https:\/\/zonalimitrofe-cbnr.com\/index.php\/wp-json\/wp\/v2\/media\/21330"}],"wp:attachment":[{"href":"https:\/\/zonalimitrofe-cbnr.com\/index.php\/wp-json\/wp\/v2\/media?parent=21329"}],"wp:term":[{"taxonomy":"category","embeddable":true,"href":"https:\/\/zonalimitrofe-cbnr.com\/index.php\/wp-json\/wp\/v2\/categories?post=21329"},{"taxonomy":"post_tag","embeddable":true,"href":"https:\/\/zonalimitrofe-cbnr.com\/index.php\/wp-json\/wp\/v2\/tags?post=21329"}],"curies":[{"name":"wp","href":"https:\/\/api.w.org\/{rel}","templated":true}]}}