{"id":21299,"date":"2025-06-10T17:57:29","date_gmt":"2025-06-10T23:57:29","guid":{"rendered":"https:\/\/zonalimitrofe-cbnr.com\/?p=21299"},"modified":"2025-06-10T17:57:29","modified_gmt":"2025-06-10T23:57:29","slug":"torreon-arrancan-segunda-etapa-del-bulevar-la-joya-la-partida-en-torreon","status":"publish","type":"post","link":"https:\/\/zonalimitrofe-cbnr.com\/index.php\/2025\/06\/10\/torreon-arrancan-segunda-etapa-del-bulevar-la-joya-la-partida-en-torreon\/","title":{"rendered":"#Torre\u00f3n. Arrancan segunda etapa del bulevar La Joya-La Partida en Torre\u00f3n"},"content":{"rendered":"\n<p>Torre\u00f3n, Coahuila. A 10 de junio de 2025<\/p>\n\n\n\n<p>El gobernador Manolo Jim\u00e9nez Salinas, y el alcalde Rom\u00e1n Alberto Cepeda Gonz\u00e1lez, arrancaron este martes la segunda etapa de la construcci\u00f3n del bulevar La Joya-La Partida, con una inversi\u00f3n total proyectada de 150 millones de pesos, en beneficio de m\u00e1s de 40 mil ciudadanos de los ejidos La Paz, Ana, Per\u00fa, 10 de abril, Providencia, entre otros.<\/p>\n\n\n\n<p>La construcci\u00f3n contempla una longitud total de 4.7 kil\u00f3metros divididas en diferentes etapas. En esta segunda fase se invertir\u00e1n 30 millones de pesos en dos kil\u00f3metros del bulevar.<\/p>\n\n\n\n<p>El Presidente Municipal dijo que la obra permitir\u00e1 mejorar la conectividad y Seguridad Vial en esta zona del municipio, y destac\u00f3 la coordinaci\u00f3n con el Gobierno del Estado.<\/p>\n\n\n\n<p>&#8220;La coordinaci\u00f3n de esfuerzos del Gobierno del Estado y el Municipio se refleja en temas de conectividad y de obra p\u00fablica, y principalmente en temas seguridad. No tengo duda de que el municipio seguir\u00e1 creciendo, y en Torre\u00f3n seguiremos haciendo lo que nos toca\u201d.<\/p>\n\n\n\n<p>Cepeda Gonz\u00e1lez dijo que la seguridad es un tema fundamental porque impacta en el empleo, el desarrollo econ\u00f3mico y el bienestar de las familias de Torre\u00f3n, por lo que seguir\u00e1 el trabajo en cada sector de la ciudad.<\/p>\n\n\n\n<p>\u201cTodo Torre\u00f3n nos ocupa y nos preocupa, y la alianza entre sociedad y Gobierno, y la alianza con las c\u00e1maras y los organismos empresariales, se refleja en el desarrollo equilibrado, y eso tiene que ver con un planteamiento claro: Coahuila tiene rumbo, y Torre\u00f3n no se detiene&#8221;.<\/p>\n\n\n\n<p>El Alcalde refrend\u00f3 su compromiso por atender todos los sectores con programas sociales, con rehabilitaci\u00f3n de otras 100 plazas que est\u00e1n contempladas para este a\u00f1o, y con m\u00e1s obra p\u00fablica para el crecimiento de Torre\u00f3n, donde lo m\u00e1s importante que hay es la ciudadan\u00eda.<\/p>\n\n\n\n<p>Manolo Jim\u00e9nez Salinas, gobernador de Coahuila, destac\u00f3 que la mejor manera de honrar la confianza de los ciudadanos, es cumpliendo con los compromisos de<\/p>\n\n\n\n<p>campa\u00f1a, y dio a conocer que se est\u00e1n invirtiendo m\u00e1s de 700 millones de pesos en obras para la Regi\u00f3n Laguna, de los cuales m\u00e1s de 500 millones corresponden a recursos estatales destinados exclusivamente a Torre\u00f3n.<\/p>\n\n\n\n<p>Inform\u00f3 que en las pr\u00f3ximas semanas se dar\u00e1 inicio oficial a la obra Abastos-Independencia, adem\u00e1s de continuar con los programas de obras sociales, que contempla acciones de drenaje, electricidad y agua potable en Torre\u00f3n, en coordinaci\u00f3n con el presidente municipal Rom\u00e1n Alberto Cepeda Gonz\u00e1lez.<\/p>\n\n\n\n<p>Se\u00f1al\u00f3 que se trabaja intensamente para atraer m\u00e1s empresas a Torre\u00f3n, con el objetivo de generar m\u00e1s empleos para la ciudadan\u00eda.<\/p>\n\n\n\n<p>Por su parte, Miguel \u00c1ngel Algara Acosta, Secretario de Infraestructura, Desarrollo Urbano y Movilidad, indic\u00f3 que esta obra del bulevar La Joya-La Partida fungir\u00e1 como una alternativa para los ciudadanos que viajan del sector norte de Torre\u00f3n, hacia el Centro o Zona Industrial.<\/p>\n\n\n\n<p>Destac\u00f3 que las acciones a ejecutar ser\u00e1n los terraplenes, obras de drenaje, riegos de impregnaci\u00f3n, carpeta de concreto asf\u00e1ltico, construcci\u00f3n de banquetas, guarniciones, se\u00f1alamientos horizontal y vertical y alumbrado p\u00fablico.<\/p>\n\n\n\n<p>Adem\u00e1s, Eunice Garc\u00eda Lozano, vecina del sector beneficiado, agradeci\u00f3 al Gobernador y al Alcalde por la obra. \u201cEste bulevar har\u00e1 una gran diferencia. Gracias a este apoyo, podremos transitar por un lugar seguro\u201d, expres\u00f3.<\/p>\n\n\n\n<p>En el evento tambi\u00e9n estuvieron presentes: Ver\u00f3nica Mart\u00ednez, diputada federal; Gabriel Elizondo P\u00e9rez, coordinador general de Mejora Coahuila; Eduardo Olmos Castro, Secretario de Desarrollo Regional de La Laguna; H\u00e9ctor Hugo D\u00e1vila Prado, coordinador de Mejora Coahuila en Torre\u00f3n; y Dante Hugo Perales Garc\u00eda, presidente del SIDUM Regi\u00f3n Laguna.<\/p>\n","protected":false},"excerpt":{"rendered":"<p>Torre\u00f3n, Coahuila. A 10 de junio de 2025 El gobernador Manolo Jim\u00e9nez Salinas, y el alcalde Rom\u00e1n Alberto Cepeda Gonz\u00e1lez, arrancaron este martes la segunda etapa de la construcci\u00f3n del bulevar La Joya-La Partida, con una inversi\u00f3n total proyectada de 150 millones de pesos, en beneficio de m\u00e1s de 40 mil ciudadanos de los ejidos [&hellip;]<\/p>\n","protected":false},"author":1,"featured_media":21300,"comment_status":"open","ping_status":"open","sticky":false,"template":"","format":"standard","meta":{"_monsterinsights_skip_tracking":false,"_monsterinsights_sitenote_active":false,"_monsterinsights_sitenote_note":"","_monsterinsights_sitenote_category":0,"footnotes":""},"categories":[1],"tags":[],"_links":{"self":[{"href":"https:\/\/zonalimitrofe-cbnr.com\/index.php\/wp-json\/wp\/v2\/posts\/21299"}],"collection":[{"href":"https:\/\/zonalimitrofe-cbnr.com\/index.php\/wp-json\/wp\/v2\/posts"}],"about":[{"href":"https:\/\/zonalimitrofe-cbnr.com\/index.php\/wp-json\/wp\/v2\/types\/post"}],"author":[{"embeddable":true,"href":"https:\/\/zonalimitrofe-cbnr.com\/index.php\/wp-json\/wp\/v2\/users\/1"}],"replies":[{"embeddable":true,"href":"https:\/\/zonalimitrofe-cbnr.com\/index.php\/wp-json\/wp\/v2\/comments?post=21299"}],"version-history":[{"count":1,"href":"https:\/\/zonalimitrofe-cbnr.com\/index.php\/wp-json\/wp\/v2\/posts\/21299\/revisions"}],"predecessor-version":[{"id":21301,"href":"https:\/\/zonalimitrofe-cbnr.com\/index.php\/wp-json\/wp\/v2\/posts\/21299\/revisions\/21301"}],"wp:featuredmedia":[{"embeddable":true,"href":"https:\/\/zonalimitrofe-cbnr.com\/index.php\/wp-json\/wp\/v2\/media\/21300"}],"wp:attachment":[{"href":"https:\/\/zonalimitrofe-cbnr.com\/index.php\/wp-json\/wp\/v2\/media?parent=21299"}],"wp:term":[{"taxonomy":"category","embeddable":true,"href":"https:\/\/zonalimitrofe-cbnr.com\/index.php\/wp-json\/wp\/v2\/categories?post=21299"},{"taxonomy":"post_tag","embeddable":true,"href":"https:\/\/zonalimitrofe-cbnr.com\/index.php\/wp-json\/wp\/v2\/tags?post=21299"}],"curies":[{"name":"wp","href":"https:\/\/api.w.org\/{rel}","templated":true}]}}