{"id":21286,"date":"2025-06-10T17:47:19","date_gmt":"2025-06-10T23:47:19","guid":{"rendered":"https:\/\/zonalimitrofe-cbnr.com\/?p=21286"},"modified":"2025-06-10T17:47:20","modified_gmt":"2025-06-10T23:47:20","slug":"lerdo-autoriza-hmc-aumento-salarial-del-6-a-empleados-sindicalizados","status":"publish","type":"post","link":"https:\/\/zonalimitrofe-cbnr.com\/index.php\/2025\/06\/10\/lerdo-autoriza-hmc-aumento-salarial-del-6-a-empleados-sindicalizados\/","title":{"rendered":"#Lerdo. AUTORIZA HMC AUMENTO SALARIAL DEL 6% A EMPLEADOS SINDICALIZADOS*"},"content":{"rendered":"\n<p>Lerdo, 10 de junio 2025.- El Presidente Municipal de Lerdo, Homero Mart\u00ednez Cabrera, sostuvo una reuni\u00f3n de trabajo con el l\u00edder del Sindicato de Trabajadores del Ayuntamiento, Valent\u00edn Ant\u00fanez, en la que se concret\u00f3 un incremento salarial del 6% anual para los empleados sindicalizados, cumpliendo as\u00ed con lo establecido en el contrato colectivo.<\/p>\n\n\n\n<p>Durante el encuentro, el alcalde destac\u00f3 que esta firma de convenio otorga certeza laboral a los trabajadores sindicalizados y refuerza la buena relaci\u00f3n entre ambas partes. Asimismo, reconoci\u00f3 la importante labor que desempe\u00f1an en \u00e1reas clave como limpieza, medio ambiente, deportes, espacios p\u00fablicos y alumbrado, entre otras.<\/p>\n\n\n\n<p>El l\u00edder sindical agradeci\u00f3 al edil por la aprobaci\u00f3n de la propuesta que considera a 22 trabajadores que ya cumplieron con sus a\u00f1os de servicio o enfrentan problemas de salud, permiti\u00e9ndoles retirarse conforme a lo estipulado en su contrato. Se\u00f1al\u00f3 que se trata de una cifra hist\u00f3rica que refleja el respeto y la colaboraci\u00f3n entre el Ayuntamiento y el Sindicato.<\/p>\n\n\n\n<p>Finalmente, en representaci\u00f3n de los empleados sindicalizados, reafirm\u00f3 el compromiso de continuar trabajando con responsabilidad y dedicaci\u00f3n en beneficio de la ciudadan\u00eda lerdense.<\/p>\n","protected":false},"excerpt":{"rendered":"<p>Lerdo, 10 de junio 2025.- El Presidente Municipal de Lerdo, Homero Mart\u00ednez Cabrera, sostuvo una reuni\u00f3n de trabajo con el l\u00edder del Sindicato de Trabajadores del Ayuntamiento, Valent\u00edn Ant\u00fanez, en la que se concret\u00f3 un incremento salarial del 6% anual para los empleados sindicalizados, cumpliendo as\u00ed con lo establecido en el contrato colectivo. Durante el [&hellip;]<\/p>\n","protected":false},"author":1,"featured_media":21287,"comment_status":"open","ping_status":"open","sticky":false,"template":"","format":"standard","meta":{"_monsterinsights_skip_tracking":false,"_monsterinsights_sitenote_active":false,"_monsterinsights_sitenote_note":"","_monsterinsights_sitenote_category":0,"footnotes":""},"categories":[1],"tags":[],"_links":{"self":[{"href":"https:\/\/zonalimitrofe-cbnr.com\/index.php\/wp-json\/wp\/v2\/posts\/21286"}],"collection":[{"href":"https:\/\/zonalimitrofe-cbnr.com\/index.php\/wp-json\/wp\/v2\/posts"}],"about":[{"href":"https:\/\/zonalimitrofe-cbnr.com\/index.php\/wp-json\/wp\/v2\/types\/post"}],"author":[{"embeddable":true,"href":"https:\/\/zonalimitrofe-cbnr.com\/index.php\/wp-json\/wp\/v2\/users\/1"}],"replies":[{"embeddable":true,"href":"https:\/\/zonalimitrofe-cbnr.com\/index.php\/wp-json\/wp\/v2\/comments?post=21286"}],"version-history":[{"count":1,"href":"https:\/\/zonalimitrofe-cbnr.com\/index.php\/wp-json\/wp\/v2\/posts\/21286\/revisions"}],"predecessor-version":[{"id":21288,"href":"https:\/\/zonalimitrofe-cbnr.com\/index.php\/wp-json\/wp\/v2\/posts\/21286\/revisions\/21288"}],"wp:featuredmedia":[{"embeddable":true,"href":"https:\/\/zonalimitrofe-cbnr.com\/index.php\/wp-json\/wp\/v2\/media\/21287"}],"wp:attachment":[{"href":"https:\/\/zonalimitrofe-cbnr.com\/index.php\/wp-json\/wp\/v2\/media?parent=21286"}],"wp:term":[{"taxonomy":"category","embeddable":true,"href":"https:\/\/zonalimitrofe-cbnr.com\/index.php\/wp-json\/wp\/v2\/categories?post=21286"},{"taxonomy":"post_tag","embeddable":true,"href":"https:\/\/zonalimitrofe-cbnr.com\/index.php\/wp-json\/wp\/v2\/tags?post=21286"}],"curies":[{"name":"wp","href":"https:\/\/api.w.org\/{rel}","templated":true}]}}