{"id":21277,"date":"2025-06-10T17:38:45","date_gmt":"2025-06-10T23:38:45","guid":{"rendered":"https:\/\/zonalimitrofe-cbnr.com\/?p=21277"},"modified":"2025-06-10T17:38:45","modified_gmt":"2025-06-10T23:38:45","slug":"durango-apuesta-durango-por-una-laguna-fuerte-y-unida-en-el-gremio-de-la-construccion","status":"publish","type":"post","link":"https:\/\/zonalimitrofe-cbnr.com\/index.php\/2025\/06\/10\/durango-apuesta-durango-por-una-laguna-fuerte-y-unida-en-el-gremio-de-la-construccion\/","title":{"rendered":"#Durango. Apuesta Durango por una Laguna fuerte y unida en el gremio de la Construcci\u00f3n"},"content":{"rendered":"\n<p>10 de junio de 2025<\/p>\n\n\n\n<ul>\n<li>Toma de protesta de la nueva mesa directiva de la CMIC Laguna 2025-2027<\/li>\n\n\n\n<li>Regi\u00f3n Lagunera, pieza clave para el pa\u00eds: Hern\u00e1ndez Renter\u00eda<\/li>\n<\/ul>\n\n\n\n<p>Comarca Lagunera.- Con el reconocimiento del fortalecimiento de un gremio constructor lagunero que permita trabajar de la mano para consolidar todos aquellos proyectos que abonen al desarrollo de la Regi\u00f3n Lagunera, la titular de la Secretar\u00eda de Comunicaciones y Obras P\u00fablicas del Estado (SECOPE), Ana Rosa Hern\u00e1ndez Renter\u00eda, en representaci\u00f3n del Gobernador Esteban Villegas Villareal, acudi\u00f3 este martes a la toma de protesta del Comit\u00e9 Directivo 2025-2027 de la C\u00e1mara Mexicana de la Industria de la Construcci\u00f3n (CMIC) Laguna, que encabeza Alejandro Jim\u00e9nez Algara.<\/p>\n\n\n\n<p>En un evento que marca un nuevo cap\u00edtulo para la industria de la construcci\u00f3n en la Comarca Lagunera, la CMIC, Delegaci\u00f3n Laguna, llev\u00f3 a cabo la toma de protesta de su nueva mesa en la ciudad de Torre\u00f3n, Coahuila., la cual cont\u00f3 con la presencia del gobernador de Coahuila, Manolo Jim\u00e9nez Salinas, acompa\u00f1ado del alcalde de Torre\u00f3n, Rom\u00e1n Alberto Cepeda Gonz\u00e1lez.<\/p>\n\n\n\n<p>Durante su intervenci\u00f3n, la titular de SECOPE, Ana Rosa Hern\u00e1ndez Renter\u00eda, enfatiz\u00f3 el firme compromiso del gobernador de Durango, Esteban Villegas Villarreal desde el inicio de su administraci\u00f3n, para trabajar incansablemente por el resurgimiento del Estado. &#8220;El objetivo de la administraci\u00f3n estatal es llevar m\u00e1s lejos a la entidad, fortaleciendo cada una de sus vertientes para un desarrollo integral y equitativo&#8221;, afirm\u00f3 la funcionaria.<\/p>\n\n\n\n<p>Hern\u00e1ndez Renter\u00eda destac\u00f3, adem\u00e1s, la importancia estrat\u00e9gica de la Regi\u00f3n Lagunera, tanto para Durango como para Coahuila. &#8220;La Regi\u00f3n Lagunera es una pieza clave para el pa\u00eds y un centro medular de las actividades comerciales que impulsan nuestra econom\u00eda nacional. Por ello, el Gobierno del Estado de Durango tiene un inter\u00e9s especial en su desarrollo, y lo hemos demostrado con acciones concretas&#8221;, subray\u00f3.<\/p>\n\n\n\n<p>Ante el actual escenario econ\u00f3mico global, la funcionaria estatal hizo un llamado a la unidad: &#8220;Como mexicanos, duranguenses y hermanos de una misma regi\u00f3n, solo juntos podremos hacer frente a los retos que nos impone el escenario global&#8221;,<\/p>\n\n\n\n<p>concluy\u00f3, deseando que la coordinaci\u00f3n con la CMIC se fortalezca bajo el nuevo liderazgo de Alejandro Jim\u00e9nez.<\/p>\n\n\n\n<p>Por su parte, el nuevo presidente de la CMIC Laguna, Alejandro Jim\u00e9nez Algara, expres\u00f3 su compromiso de fortalecer a los socios de la C\u00e1mara mediante una mayor capacitaci\u00f3n y mejores oportunidades. Asimismo, resalt\u00f3 la importancia de avanzar en las relaciones con el gobierno y prioriz\u00f3 el trabajo en unidad como eje central de la nueva mesa directiva. &#8220;A quienes me acompa\u00f1an en este camino les pido compromiso. A quienes nos observan con expectativa les ofrezco resultados&#8221;, enfatiz\u00f3.<\/p>\n\n\n\n<p>Finalmente, el gobernador Manolo Jim\u00e9nez Salinas, reconoci\u00f3 la relevancia de la CMIC y la C\u00e1mara Nacional de la Industria y el Desarrollo y Promoci\u00f3n de Vivienda (Canadevi) para el desarrollo tanto de Coahuila como del pa\u00eds. Reiter\u00f3 su disposici\u00f3n a trabajar en equipo y asegur\u00f3 que una parte significativa de las obras a cargo del Estado son ejecutadas por empresas laguneras, reafirmando el compromiso con el talento y la capacidad local.<\/p>\n","protected":false},"excerpt":{"rendered":"<p>10 de junio de 2025 Comarca Lagunera.- Con el reconocimiento del fortalecimiento de un gremio constructor lagunero que permita trabajar de la mano para consolidar todos aquellos proyectos que abonen al desarrollo de la Regi\u00f3n Lagunera, la titular de la Secretar\u00eda de Comunicaciones y Obras P\u00fablicas del Estado (SECOPE), Ana Rosa Hern\u00e1ndez Renter\u00eda, en representaci\u00f3n [&hellip;]<\/p>\n","protected":false},"author":1,"featured_media":21278,"comment_status":"open","ping_status":"open","sticky":false,"template":"","format":"standard","meta":{"_monsterinsights_skip_tracking":false,"_monsterinsights_sitenote_active":false,"_monsterinsights_sitenote_note":"","_monsterinsights_sitenote_category":0,"footnotes":""},"categories":[1],"tags":[],"_links":{"self":[{"href":"https:\/\/zonalimitrofe-cbnr.com\/index.php\/wp-json\/wp\/v2\/posts\/21277"}],"collection":[{"href":"https:\/\/zonalimitrofe-cbnr.com\/index.php\/wp-json\/wp\/v2\/posts"}],"about":[{"href":"https:\/\/zonalimitrofe-cbnr.com\/index.php\/wp-json\/wp\/v2\/types\/post"}],"author":[{"embeddable":true,"href":"https:\/\/zonalimitrofe-cbnr.com\/index.php\/wp-json\/wp\/v2\/users\/1"}],"replies":[{"embeddable":true,"href":"https:\/\/zonalimitrofe-cbnr.com\/index.php\/wp-json\/wp\/v2\/comments?post=21277"}],"version-history":[{"count":1,"href":"https:\/\/zonalimitrofe-cbnr.com\/index.php\/wp-json\/wp\/v2\/posts\/21277\/revisions"}],"predecessor-version":[{"id":21279,"href":"https:\/\/zonalimitrofe-cbnr.com\/index.php\/wp-json\/wp\/v2\/posts\/21277\/revisions\/21279"}],"wp:featuredmedia":[{"embeddable":true,"href":"https:\/\/zonalimitrofe-cbnr.com\/index.php\/wp-json\/wp\/v2\/media\/21278"}],"wp:attachment":[{"href":"https:\/\/zonalimitrofe-cbnr.com\/index.php\/wp-json\/wp\/v2\/media?parent=21277"}],"wp:term":[{"taxonomy":"category","embeddable":true,"href":"https:\/\/zonalimitrofe-cbnr.com\/index.php\/wp-json\/wp\/v2\/categories?post=21277"},{"taxonomy":"post_tag","embeddable":true,"href":"https:\/\/zonalimitrofe-cbnr.com\/index.php\/wp-json\/wp\/v2\/tags?post=21277"}],"curies":[{"name":"wp","href":"https:\/\/api.w.org\/{rel}","templated":true}]}}