{"id":21265,"date":"2025-06-09T18:54:20","date_gmt":"2025-06-10T00:54:20","guid":{"rendered":"https:\/\/zonalimitrofe-cbnr.com\/?p=21265"},"modified":"2025-06-09T18:54:21","modified_gmt":"2025-06-10T00:54:21","slug":"coahuila-avanza-fortalecimiento-y-modernizacion-de-la-fiscalia-general-del-estado","status":"publish","type":"post","link":"https:\/\/zonalimitrofe-cbnr.com\/index.php\/2025\/06\/09\/coahuila-avanza-fortalecimiento-y-modernizacion-de-la-fiscalia-general-del-estado\/","title":{"rendered":"#Coahuila. AVANZA FORTALECIMIENTO Y MODERNIZACI\u00d3N DE LA FISCAL\u00cdA GENERAL DEL ESTADO"},"content":{"rendered":"\n<p>\u00b7 Anuncian inversi\u00f3n de alrededor de 100 millones de pesos para la Fiscal\u00eda General del Estado<\/p>\n\n\n\n<p>Saltillo, Coahuila de Zaragoza; a 09 de junio de 2025.- En el evento con el que dio inicio el fortalecimiento y la modernizaci\u00f3n de la Fiscal\u00eda General del Estado, en donde se estar\u00e1n invirtiendo casi 100 millones de pesos, el gobernador Manolo Jim\u00e9nez Salinas destac\u00f3 que en su administraci\u00f3n se han invertido alrededor de tres mil 500 millones de pesos en el tema de seguridad, lo que habla del compromiso por mantener la paz y la tranquilidad en todas las regiones de Coahuila.<\/p>\n\n\n\n<p>&#8220;Con una inversi\u00f3n extraordinaria de casi 100 millones de pesos y un gran plan de modernizaci\u00f3n de la Fiscal\u00eda General del Estado de Coahuila, trabajamos en equipo con el Fiscal Federico Fern\u00e1ndez para fortalecer la seguridad de nuestro Estado&#8221;, destac\u00f3.<\/p>\n\n\n\n<p>En esta ceremonia se entregaron 10 veh\u00edculos utilitarios a las diferentes \u00e1reas de la Fiscal\u00eda General del Estado.<\/p>\n\n\n\n<p>El Mandatario estatal reiter\u00f3 su voluntad de continuar trabajando en completa coordinaci\u00f3n con los poderes Legislativo y Judicial, con las fuerzas armadas, las fiscal\u00edas, los municipios, los empresarios, y la sociedad civil organizada.<\/p>\n\n\n\n<p>\u201cPor eso, aqu\u00ed le vamos a seguir entrando con todo. Hay un compromiso total de nuestra parte, porque si tenemos seguridad, tenemos calidad de vida para nuestras familias\u201d, mencion\u00f3.<\/p>\n\n\n\n<p>Destac\u00f3 que los proyectos que se han programado junto con el fiscal Federico Fern\u00e1ndez Monta\u00f1ez, se han ido cumpliendo en tiempo y forma, y que esta inversi\u00f3n de m\u00e1s de 90 millones de pesos es \u00fanicamente para la primera etapa, \u201cviene un fortalecimiento muy importante para la fiscal\u00eda. As\u00ed que felicidades para todo el equipo de esta gran instituci\u00f3n, que es parte fundamental para la seguridad en Coahuila\u201d, expres\u00f3.<\/p>\n\n\n\n<p>Manolo Jim\u00e9nez manifest\u00f3 que en Coahuila se valora mucho el trabajo en equipo; se valora mucho el que cada poder, cada instituci\u00f3n est\u00e9 dedicada al fortalecimiento de la misma, porque a final de cuentas todas se fortalecen.<\/p>\n\n\n\n<p>\u201cEl que tengamos un poder judicial fuerte y blindado, el que tengamos una fiscal\u00eda fuerte y robusta, el que tengamos un poder ejecutivo que est\u00e9 fortalecido, a final de cuentas estamos fortaleciendo la seguridad de las y los coahuilenses\u201d, expres\u00f3.<\/p>\n\n\n\n<p>Manolo Jim\u00e9nez coment\u00f3 que entre los cuarteles que se est\u00e1n construyendo o rehabilitando para el Ej\u00e9rcito, para la Marina y para la Polic\u00eda Estatal, est\u00e1n siete cuarteles en Arteaga, Candela, Hidalgo, Ocampo, M\u00fazquiz, Progreso, y Torre\u00f3n.<\/p>\n\n\n\n<p>Adem\u00e1s en Ju\u00e1rez, Boquillas del Carmen, El Mel\u00f3n, en M\u00fazquiz; en San Antonio de las Alazanas, en Arteaga, y en Encarnaci\u00f3n Guzm\u00e1n, San Miguel, La Linda, Morelos.<\/p>\n\n\n\n<p>\u201cAqu\u00ed en Coahuila tenemos una ventaja en Coahuila, que hay voluntad pol\u00edtica en todos los niveles de entrarle al cien por ciento al tema de seguridad, incluso ahora hay voluntad y un apoyo total hacia Coahuila por parte de la presidenta de entrarle con todo y de que actuemos con cero tolerancia ante la delincuencia\u201d, destac\u00f3 el gobernador Manolo Jim\u00e9nez; por eso, abund\u00f3, el mensaje es contundente hacia quienes quieran delinquir en nuestro estado, el mensaje es contundente para que quienes quieran entrar a Coahuila de otros estados, la piensen dos veces.<\/p>\n\n\n\n<p>Federico Fern\u00e1ndez Monta\u00f1ez, fiscal general del Estado destac\u00f3 la coordinaci\u00f3n que tiene la instituci\u00f3n a su cargo con el Gobierno del Estado, donde se tiene la voluntad pol\u00edtica para trabajar en los temas de seguridad y procuraci\u00f3n de justicia.<\/p>\n\n\n\n<p>Anunci\u00f3 que dentro de las mejoras a la fiscal\u00eda, est\u00e1 la mejora de sueldos a ministerios p\u00fablicos, as\u00ed como una partida extraordinaria de alrededor de 100 millones de pesos que se aplicar\u00e1n en tres ejes: mejora de infraestructura y espacios de trabajo dignos; desarrollo de sistemas de gesti\u00f3n gubernamental que permitan medir a la Fiscal\u00eda del Estado con las fiscal\u00edas de todo el pa\u00eds; compra y adquisici\u00f3n de equipos tecnol\u00f3gicos, bal\u00edsticos y periciales.<\/p>\n\n\n\n<p>Fern\u00e1ndez Monta\u00f1ez destac\u00f3 que en este 2025, en trabajo coordinado entre Federaci\u00f3n, Estado y Municipios, se tiene la incidencia delictiva m\u00e1s baja de los \u00faltimos 20 a\u00f1os en Coahuila, y la tasa de homicidios dolosos m\u00e1s baja de los \u00faltimos 24 a\u00f1os.<\/p>\n\n\n\n<p>En esta ceremonia acompa\u00f1aron al gobernador, adem\u00e1s, General de Divisi\u00f3n E.M. Eufemio Alberto Ibarra Flores, Comandante de la XI Regi\u00f3n Militar; General de Brigada E.M Francisco Acu\u00f1a D\u00edaz, Coordinador Estatal de la Guardia Nacional Coahuila; General de Brigada E.M. Jes\u00fas Alejandro Adame Cabrera, Comandante de la 6\/a Zona Militar; Capit\u00e1n Jos\u00e9 L\u00f3pez Ferra, Comandante en la Base de Operaciones de la Marina en Coahuila; Luz Elena Morales N\u00fa\u00f1ez, diputada presidenta de la Junta de Gobierno del Congreso local; Miguel Felipe Mery Ayup, magistrado presidente del Tribunal Superior de Justicia; Jeric\u00f3 Abramo Masso, diputado federal; Javier D\u00edaz Gonz\u00e1lez, alcalde de Saltillo; Enrique Garza Cant\u00fa, miembro del Consejo del ISN; \u00d3scar Pimentel Gonz\u00e1lez, secretario de Gobierno; Hugo Eduardo Guti\u00e9rrez Rodr\u00edguez, secretario de Seguridad P\u00fablica.<\/p>\n","protected":false},"excerpt":{"rendered":"<p>\u00b7 Anuncian inversi\u00f3n de alrededor de 100 millones de pesos para la Fiscal\u00eda General del Estado Saltillo, Coahuila de Zaragoza; a 09 de junio de 2025.- En el evento con el que dio inicio el fortalecimiento y la modernizaci\u00f3n de la Fiscal\u00eda General del Estado, en donde se estar\u00e1n invirtiendo casi 100 millones de pesos, [&hellip;]<\/p>\n","protected":false},"author":1,"featured_media":21266,"comment_status":"open","ping_status":"open","sticky":false,"template":"","format":"standard","meta":{"_monsterinsights_skip_tracking":false,"_monsterinsights_sitenote_active":false,"_monsterinsights_sitenote_note":"","_monsterinsights_sitenote_category":0,"footnotes":""},"categories":[1],"tags":[],"_links":{"self":[{"href":"https:\/\/zonalimitrofe-cbnr.com\/index.php\/wp-json\/wp\/v2\/posts\/21265"}],"collection":[{"href":"https:\/\/zonalimitrofe-cbnr.com\/index.php\/wp-json\/wp\/v2\/posts"}],"about":[{"href":"https:\/\/zonalimitrofe-cbnr.com\/index.php\/wp-json\/wp\/v2\/types\/post"}],"author":[{"embeddable":true,"href":"https:\/\/zonalimitrofe-cbnr.com\/index.php\/wp-json\/wp\/v2\/users\/1"}],"replies":[{"embeddable":true,"href":"https:\/\/zonalimitrofe-cbnr.com\/index.php\/wp-json\/wp\/v2\/comments?post=21265"}],"version-history":[{"count":1,"href":"https:\/\/zonalimitrofe-cbnr.com\/index.php\/wp-json\/wp\/v2\/posts\/21265\/revisions"}],"predecessor-version":[{"id":21267,"href":"https:\/\/zonalimitrofe-cbnr.com\/index.php\/wp-json\/wp\/v2\/posts\/21265\/revisions\/21267"}],"wp:featuredmedia":[{"embeddable":true,"href":"https:\/\/zonalimitrofe-cbnr.com\/index.php\/wp-json\/wp\/v2\/media\/21266"}],"wp:attachment":[{"href":"https:\/\/zonalimitrofe-cbnr.com\/index.php\/wp-json\/wp\/v2\/media?parent=21265"}],"wp:term":[{"taxonomy":"category","embeddable":true,"href":"https:\/\/zonalimitrofe-cbnr.com\/index.php\/wp-json\/wp\/v2\/categories?post=21265"},{"taxonomy":"post_tag","embeddable":true,"href":"https:\/\/zonalimitrofe-cbnr.com\/index.php\/wp-json\/wp\/v2\/tags?post=21265"}],"curies":[{"name":"wp","href":"https:\/\/api.w.org\/{rel}","templated":true}]}}