{"id":2124,"date":"2024-02-23T18:03:30","date_gmt":"2024-02-24T00:03:30","guid":{"rendered":"https:\/\/zonalimitrofe-cbnr.com\/?p=2124"},"modified":"2024-02-23T18:03:30","modified_gmt":"2024-02-24T00:03:30","slug":"torreon-informan-sobre-acciones-orientadas-a-la-prevencion-y-reduccion-de-accidentes-viales-durante-2023","status":"publish","type":"post","link":"https:\/\/zonalimitrofe-cbnr.com\/index.php\/2024\/02\/23\/torreon-informan-sobre-acciones-orientadas-a-la-prevencion-y-reduccion-de-accidentes-viales-durante-2023\/","title":{"rendered":"#Torre\u00f3n. Informan sobre acciones orientadas a la prevenci\u00f3n y reducci\u00f3n de accidentes viales durante 2023"},"content":{"rendered":"\n<p>Torre\u00f3n, Coahuila. A 23 de febrero de 2024.<\/p>\n\n\n\n<p>A trav\u00e9s de diversas campa\u00f1as y acciones de concientizaci\u00f3n para la prevenci\u00f3n de accidentes de tr\u00e1nsito, la Direcci\u00f3n de Vialidad y Movilidad Urbana de Torre\u00f3n fortaleci\u00f3 la Seguridad Vial durante el a\u00f1o 2023.<\/p>\n\n\n\n<p>Luis Alberto Morales Cort\u00e9s, director de la dependencia, inform\u00f3 a regidores del Ayuntamiento sobre las actividades del a\u00f1o anterior, entre las que destacan las relacionadas con la educaci\u00f3n vial en escuelas, calles y empresas, as\u00ed como en los sectores del municipio que se visitan con las brigadas del DIF Torre\u00f3n.<\/p>\n\n\n\n<p>Inform\u00f3 que con dichas acciones se atendi\u00f3 a 47 mil 747 personas durante el 2023.<\/p>\n\n\n\n<p>Otras de las campa\u00f1as preventivas se realizaron en los diferentes puntos de la ciudad por el D\u00eda Mundial del Peat\u00f3n y el D\u00eda Internacional de la Educaci\u00f3n Vial.<\/p>\n\n\n\n<p>Lo anterior adem\u00e1s de campa\u00f1as digitales en las redes sociales de la dependencia, las realizadas en coordinaci\u00f3n con asociaciones y el Consejo Consultivo de Vialidad, tales como las dirigidas a los conductores para evitar que manejen despu\u00e9s de consumir alcohol.<\/p>\n\n\n\n<p>Por otro lado, el director inform\u00f3 que al interior de la corporaci\u00f3n tambi\u00e9n se realiz\u00f3 un trabajo intenso para profesionalizar a los elementos y brindar mejor servicio a la ciudadan\u00eda, con capacitaciones como cursos de ingl\u00e9s, manejo defensivo, lengua de se\u00f1as y prevenci\u00f3n del suicidio, entre otras.<\/p>\n\n\n\n<p>De igual forma en 2023 se equip\u00f3 a los elementos y fueron reconocidos por el alcalde Rom\u00e1n Alberto Cepeda Gonz\u00e1lez por su labor.<\/p>\n\n\n\n<p>Morales Cort\u00e9s destac\u00f3 el operativo \u201cSin casco no viajas\u201d, por los resultados positivos que ha dado, as\u00ed como las acciones de reeducaci\u00f3n vial para quienes han participado en alguna volcadura.<\/p>\n\n\n\n<p>Al respecto, detall\u00f3 que en 2023 se certificaron mil 934 motociclistas y se rifaron 350 casos que les fueron donados al t\u00e9rmino de su capacitaci\u00f3n.<\/p>\n\n\n\n<p>Cifra que se prev\u00e9 se supere este a\u00f1o, dado que hasta el momento ya son 475 los motociclistas certificados.<\/p>\n\n\n\n<p>Y acerca de quienes participaron en eventos de tr\u00e1nsito de volcadura, el a\u00f1o en menci\u00f3n se capacit\u00f3 al 80 por ciento en el programa de reeducaci\u00f3n vial.<\/p>\n\n\n\n<p>En otro tema, los elementos de la direcci\u00f3n tomaron acci\u00f3n durante las obras que se realizaron en la ciudad como fue el Sistema Vial Cuatro Caminos, donde se labor\u00f3 por un total de 100 mil horas hombre.<\/p>\n\n\n\n<p>Adem\u00e1s de la obra del Paso Vial Villa Florida y ahora en el Giro Independencia se repete la participaci\u00f3n.<\/p>\n\n\n\n<p>Lo anterior fue reportado por el titular a los integrantes de la Comisi\u00f3n de Movilidad y Seguridad Vial, reunidos durante la trig\u00e9sima tercera sesi\u00f3n.<\/p>\n\n\n\n<p>Los regidores integrantes de la comisi\u00f3n son Jos\u00e9 Arturo Rangel Peralta, M\u00f3nica Montero Cu\u00e9llar, Jos\u00e9 Manuel Riveroll Duarte, Karla Liliana Centeno F\u00e9lix, Felipe Eduardo Gonz\u00e1lez Miranda, Jos\u00e9 Armando Gonz\u00e1lez Murillo y Cristian Manuel L\u00f3pez Ch\u00e1vez<\/p>\n","protected":false},"excerpt":{"rendered":"<p>Torre\u00f3n, Coahuila. A 23 de febrero de 2024. A trav\u00e9s de diversas campa\u00f1as y acciones de concientizaci\u00f3n para la prevenci\u00f3n de accidentes de tr\u00e1nsito, la Direcci\u00f3n de Vialidad y Movilidad Urbana de Torre\u00f3n fortaleci\u00f3 la Seguridad Vial durante el a\u00f1o 2023. Luis Alberto Morales Cort\u00e9s, director de la dependencia, inform\u00f3 a regidores del Ayuntamiento sobre [&hellip;]<\/p>\n","protected":false},"author":1,"featured_media":2125,"comment_status":"open","ping_status":"open","sticky":false,"template":"","format":"standard","meta":{"_monsterinsights_skip_tracking":false,"_monsterinsights_sitenote_active":false,"_monsterinsights_sitenote_note":"","_monsterinsights_sitenote_category":0,"footnotes":""},"categories":[1],"tags":[],"_links":{"self":[{"href":"https:\/\/zonalimitrofe-cbnr.com\/index.php\/wp-json\/wp\/v2\/posts\/2124"}],"collection":[{"href":"https:\/\/zonalimitrofe-cbnr.com\/index.php\/wp-json\/wp\/v2\/posts"}],"about":[{"href":"https:\/\/zonalimitrofe-cbnr.com\/index.php\/wp-json\/wp\/v2\/types\/post"}],"author":[{"embeddable":true,"href":"https:\/\/zonalimitrofe-cbnr.com\/index.php\/wp-json\/wp\/v2\/users\/1"}],"replies":[{"embeddable":true,"href":"https:\/\/zonalimitrofe-cbnr.com\/index.php\/wp-json\/wp\/v2\/comments?post=2124"}],"version-history":[{"count":1,"href":"https:\/\/zonalimitrofe-cbnr.com\/index.php\/wp-json\/wp\/v2\/posts\/2124\/revisions"}],"predecessor-version":[{"id":2126,"href":"https:\/\/zonalimitrofe-cbnr.com\/index.php\/wp-json\/wp\/v2\/posts\/2124\/revisions\/2126"}],"wp:featuredmedia":[{"embeddable":true,"href":"https:\/\/zonalimitrofe-cbnr.com\/index.php\/wp-json\/wp\/v2\/media\/2125"}],"wp:attachment":[{"href":"https:\/\/zonalimitrofe-cbnr.com\/index.php\/wp-json\/wp\/v2\/media?parent=2124"}],"wp:term":[{"taxonomy":"category","embeddable":true,"href":"https:\/\/zonalimitrofe-cbnr.com\/index.php\/wp-json\/wp\/v2\/categories?post=2124"},{"taxonomy":"post_tag","embeddable":true,"href":"https:\/\/zonalimitrofe-cbnr.com\/index.php\/wp-json\/wp\/v2\/tags?post=2124"}],"curies":[{"name":"wp","href":"https:\/\/api.w.org\/{rel}","templated":true}]}}