{"id":21218,"date":"2025-06-08T15:52:08","date_gmt":"2025-06-08T21:52:08","guid":{"rendered":"https:\/\/zonalimitrofe-cbnr.com\/?p=21218"},"modified":"2025-06-08T15:52:08","modified_gmt":"2025-06-08T21:52:08","slug":"congresocoahuila-fortalecer-capacidades-de-sector-educativo-y-de-salud-para-detectar-indicios-de-maltrato-infantil-pide-alvaro-moreira","status":"publish","type":"post","link":"https:\/\/zonalimitrofe-cbnr.com\/index.php\/2025\/06\/08\/congresocoahuila-fortalecer-capacidades-de-sector-educativo-y-de-salud-para-detectar-indicios-de-maltrato-infantil-pide-alvaro-moreira\/","title":{"rendered":"#CongresoCoahuila. Fortalecer capacidades de sector educativo y de salud para detectar indicios de maltrato infantil, pide \u00c1lvaro Moreira"},"content":{"rendered":"\n<p><strong>Saltillo, Coahuila a 08 de junio de 2025.-<\/strong> En sesi\u00f3n del Congreso del Estado se aprob\u00f3 un punto de acuerdo presentado por el diputado \u00c1lvaro Moreira Vald\u00e9s mediante el cual exhorta a la \u201cComisi\u00f3n para poner fin a toda Forma de Violencia contra las Ni\u00f1as, Ni\u00f1os y Adolescentes\u201d (COMPREVNNA), a que fortalezca las capacidades institucionales de los sectores educativos y de salud, a fin de impulsar respuestas integrales que permitan prevenir, detectar y sancionar cualquier acto de violencia u omisi\u00f3n de cuidado en ni\u00f1as, ni\u00f1os y adolescentes. El diputado mencion\u00f3 que en Coahuila, el gobernador Manolo Jim\u00e9nez ha puesto la defensa de la infancia en primer lugar con la creaci\u00f3n de la Fiscal\u00eda de la Mujer y la Ni\u00f1ez, instituci\u00f3n especializada en investigar y resolver estos casos bajo el principio del inter\u00e9s superior en la infancia. Esta dependencia, como cualquier otra en materia de procuraci\u00f3n de justicia, debe ser la \u00faltima instancia de tutela. La tarea inicial es y siempre deber\u00e1 ser promover la convivencia arm\u00f3nica, cuidado y respeto a ni\u00f1as y ni\u00f1os, m\u00e1s a\u00fan desde sus hogares. \u201cDesafortunadamente, la paz, amor y resguardo que deben sentir por parte de sus cuidadores no siempre es recibida y la violencia sigue creciendo. Por esa raz\u00f3n, se requiere necesariamente la participaci\u00f3n activa de toda la sociedad: padres, madres, abuelos, t\u00edos, vecinos, maestros, m\u00e9dicos, enfermeras, cuidadores y todo aquel que rodea el entorno del ni\u00f1o debemos convertirnos en sus protectores\u201d, expres\u00f3 el diputado. Por ello, hizo un llamado a que la COMPREVNNA articule pol\u00edticas transversales; para fortalecer las capacidades de quienes est\u00e1n en esa primera l\u00ednea de defensa: quienes asisten y procuran a los menores en sus primeros d\u00edas, meses o a\u00f1os de vida -como es el personal de salud y docentes-; para que cuenten con conocimientos y herramientas necesarias para detectar y estar alerta a cualquier indicio que represente un riesgo para ellos. \u201cDebemos seguir luchando por la vida y felicidad de todos los ni\u00f1os y ni\u00f1as. No dejemos que ninguno vuelva a sentir tristeza, miedo y soledad; que ninguno vuelva a experimentar el dolor y la agon\u00eda. Como diputados debemos impulsar cambios en nuestras leyes, pol\u00edticas, protocolos y programas que refuercen el entorno familiar de nuestros ni\u00f1os\u201d, extern\u00f3 Moreira Vald\u00e9s.<\/p>\n","protected":false},"excerpt":{"rendered":"<p>Saltillo, Coahuila a 08 de junio de 2025.- En sesi\u00f3n del Congreso del Estado se aprob\u00f3 un punto de acuerdo presentado por el diputado \u00c1lvaro Moreira Vald\u00e9s mediante el cual exhorta a la \u201cComisi\u00f3n para poner fin a toda Forma de Violencia contra las Ni\u00f1as, Ni\u00f1os y Adolescentes\u201d (COMPREVNNA), a que fortalezca las capacidades institucionales [&hellip;]<\/p>\n","protected":false},"author":1,"featured_media":21219,"comment_status":"open","ping_status":"open","sticky":false,"template":"","format":"standard","meta":{"_monsterinsights_skip_tracking":false,"_monsterinsights_sitenote_active":false,"_monsterinsights_sitenote_note":"","_monsterinsights_sitenote_category":0,"footnotes":""},"categories":[1],"tags":[],"_links":{"self":[{"href":"https:\/\/zonalimitrofe-cbnr.com\/index.php\/wp-json\/wp\/v2\/posts\/21218"}],"collection":[{"href":"https:\/\/zonalimitrofe-cbnr.com\/index.php\/wp-json\/wp\/v2\/posts"}],"about":[{"href":"https:\/\/zonalimitrofe-cbnr.com\/index.php\/wp-json\/wp\/v2\/types\/post"}],"author":[{"embeddable":true,"href":"https:\/\/zonalimitrofe-cbnr.com\/index.php\/wp-json\/wp\/v2\/users\/1"}],"replies":[{"embeddable":true,"href":"https:\/\/zonalimitrofe-cbnr.com\/index.php\/wp-json\/wp\/v2\/comments?post=21218"}],"version-history":[{"count":1,"href":"https:\/\/zonalimitrofe-cbnr.com\/index.php\/wp-json\/wp\/v2\/posts\/21218\/revisions"}],"predecessor-version":[{"id":21220,"href":"https:\/\/zonalimitrofe-cbnr.com\/index.php\/wp-json\/wp\/v2\/posts\/21218\/revisions\/21220"}],"wp:featuredmedia":[{"embeddable":true,"href":"https:\/\/zonalimitrofe-cbnr.com\/index.php\/wp-json\/wp\/v2\/media\/21219"}],"wp:attachment":[{"href":"https:\/\/zonalimitrofe-cbnr.com\/index.php\/wp-json\/wp\/v2\/media?parent=21218"}],"wp:term":[{"taxonomy":"category","embeddable":true,"href":"https:\/\/zonalimitrofe-cbnr.com\/index.php\/wp-json\/wp\/v2\/categories?post=21218"},{"taxonomy":"post_tag","embeddable":true,"href":"https:\/\/zonalimitrofe-cbnr.com\/index.php\/wp-json\/wp\/v2\/tags?post=21218"}],"curies":[{"name":"wp","href":"https:\/\/api.w.org\/{rel}","templated":true}]}}