{"id":21215,"date":"2025-06-08T15:49:59","date_gmt":"2025-06-08T21:49:59","guid":{"rendered":"https:\/\/zonalimitrofe-cbnr.com\/?p=21215"},"modified":"2025-06-08T15:49:59","modified_gmt":"2025-06-08T21:49:59","slug":"gp-invitan-a-formar-parte-del-corredor-gastronomico-de-la-feria-gomez-palacio-2025","status":"publish","type":"post","link":"https:\/\/zonalimitrofe-cbnr.com\/index.php\/2025\/06\/08\/gp-invitan-a-formar-parte-del-corredor-gastronomico-de-la-feria-gomez-palacio-2025\/","title":{"rendered":"#GP. Invitan a formar parte del corredor gastron\u00f3mico de la Feria G\u00f3mez Palacio 2025*"},"content":{"rendered":"\n<p>El Ayuntamiento de G\u00f3mez Palacio, a trav\u00e9s del Comit\u00e9 Organizador de la Feria G\u00f3mez Palacio 2025 \u2014que se celebrar\u00e1 del 13 de junio al 7 de julio\u2014 informa que los espacios disponibles para restaurantes est\u00e1n por agotarse.<\/p>\n\n\n\n<p>Sebasti\u00e1n \u00c1lvarez Estrada, director de la ExpoFeria G\u00f3mez Palacio, se\u00f1al\u00f3: \u201cSi tienes un negocio gastron\u00f3mico y quieres formar parte de uno de los eventos m\u00e1s esperados del a\u00f1o, esta es tu oportunidad\u201d, por lo que extendi\u00f3 la invitaci\u00f3n a emprendedores y empresarios del sector.<\/p>\n\n\n\n<p>La Feria de G\u00f3mez Palacio es la celebraci\u00f3n m\u00e1s esperada del a\u00f1o por los gomezpalatinos, motivo por el cual la Presidenta Municipal, Leticia Herrera Ale, ha brindado todo su respaldo para que el evento contin\u00fae siendo un espacio digno para todas las familias del municipio.<\/p>\n\n\n\n<p>El Comit\u00e9 Organizador ha lanzado la convocatoria final para ocupar los \u00faltimos stands disponibles. Con una gran afluencia de visitantes y un ambiente lleno de tradici\u00f3n, m\u00fasica, cultura y diversi\u00f3n, la feria representa el escaparate ideal para dar a conocer la oferta gastron\u00f3mica de los negocios locales.<\/p>\n\n\n\n<p>Para m\u00e1s informaci\u00f3n, las personas interesadas pueden comunicarse al tel\u00e9fono 871 769 02 48 o a las oficinas al 871 715 33 04.<\/p>\n\n\n\n<p>Finalmente, \u00c1lvarez Estrada subray\u00f3 que esta es una oportunidad \u00fanica para posicionar un restaurante en el coraz\u00f3n de la feria m\u00e1s importante de la regi\u00f3n.<\/p>\n","protected":false},"excerpt":{"rendered":"<p>El Ayuntamiento de G\u00f3mez Palacio, a trav\u00e9s del Comit\u00e9 Organizador de la Feria G\u00f3mez Palacio 2025 \u2014que se celebrar\u00e1 del 13 de junio al 7 de julio\u2014 informa que los espacios disponibles para restaurantes est\u00e1n por agotarse. Sebasti\u00e1n \u00c1lvarez Estrada, director de la ExpoFeria G\u00f3mez Palacio, se\u00f1al\u00f3: \u201cSi tienes un negocio gastron\u00f3mico y quieres formar [&hellip;]<\/p>\n","protected":false},"author":1,"featured_media":21216,"comment_status":"open","ping_status":"open","sticky":false,"template":"","format":"standard","meta":{"_monsterinsights_skip_tracking":false,"_monsterinsights_sitenote_active":false,"_monsterinsights_sitenote_note":"","_monsterinsights_sitenote_category":0,"footnotes":""},"categories":[1],"tags":[],"_links":{"self":[{"href":"https:\/\/zonalimitrofe-cbnr.com\/index.php\/wp-json\/wp\/v2\/posts\/21215"}],"collection":[{"href":"https:\/\/zonalimitrofe-cbnr.com\/index.php\/wp-json\/wp\/v2\/posts"}],"about":[{"href":"https:\/\/zonalimitrofe-cbnr.com\/index.php\/wp-json\/wp\/v2\/types\/post"}],"author":[{"embeddable":true,"href":"https:\/\/zonalimitrofe-cbnr.com\/index.php\/wp-json\/wp\/v2\/users\/1"}],"replies":[{"embeddable":true,"href":"https:\/\/zonalimitrofe-cbnr.com\/index.php\/wp-json\/wp\/v2\/comments?post=21215"}],"version-history":[{"count":1,"href":"https:\/\/zonalimitrofe-cbnr.com\/index.php\/wp-json\/wp\/v2\/posts\/21215\/revisions"}],"predecessor-version":[{"id":21217,"href":"https:\/\/zonalimitrofe-cbnr.com\/index.php\/wp-json\/wp\/v2\/posts\/21215\/revisions\/21217"}],"wp:featuredmedia":[{"embeddable":true,"href":"https:\/\/zonalimitrofe-cbnr.com\/index.php\/wp-json\/wp\/v2\/media\/21216"}],"wp:attachment":[{"href":"https:\/\/zonalimitrofe-cbnr.com\/index.php\/wp-json\/wp\/v2\/media?parent=21215"}],"wp:term":[{"taxonomy":"category","embeddable":true,"href":"https:\/\/zonalimitrofe-cbnr.com\/index.php\/wp-json\/wp\/v2\/categories?post=21215"},{"taxonomy":"post_tag","embeddable":true,"href":"https:\/\/zonalimitrofe-cbnr.com\/index.php\/wp-json\/wp\/v2\/tags?post=21215"}],"curies":[{"name":"wp","href":"https:\/\/api.w.org\/{rel}","templated":true}]}}