{"id":21197,"date":"2025-06-07T17:20:53","date_gmt":"2025-06-07T23:20:53","guid":{"rendered":"https:\/\/zonalimitrofe-cbnr.com\/?p=21197"},"modified":"2025-06-07T17:20:53","modified_gmt":"2025-06-07T23:20:53","slug":"lerdo-rinden-homenaje-luctuoso-al-piloto-aviador-francisco-sarabia","status":"publish","type":"post","link":"https:\/\/zonalimitrofe-cbnr.com\/index.php\/2025\/06\/07\/lerdo-rinden-homenaje-luctuoso-al-piloto-aviador-francisco-sarabia\/","title":{"rendered":"#Lerdo. RINDEN HOMENAJE LUCTUOSO AL PILOTO AVIADOR FRANCISCO SARABIA*"},"content":{"rendered":"\n<p>Lerdo, 07 de junio 2025.- Para rendir homenaje Capit\u00e1n Piloto Aviador Francisco Sarabia Tinoco, por su 86 aniversario luctuoso, autoridades municipales de Lerdo, alumnos del Centro de Estudios Lerdo Contempor\u00e1neo y taxistas de la base Francisco Sarabia, marcharon desde la Presidencia Municipal de Lerdo hasta el Museo dedicado al Piloto Aviador, por toda la avenida Francisco Sarabia y el boulevard Miguel Alem\u00e1n.<\/p>\n\n\n\n<p>Frente el monumento del Capit\u00e1n Piloto Aviador Francisco Sarabia Tinoco, en el Museo del renombrado piloto, el Ayuntamiento de Lerdo rindi\u00f3 homenaje a este \u00edcono lerdense con un acto c\u00edvico y cultural, as\u00ed como colocaci\u00f3n de ofrenda floral y guardia de honor.<\/p>\n\n\n\n<p>En representaci\u00f3n del Presidente Municipal Homero Mart\u00ednez Cabrera, asisti\u00f3 el secretario t\u00e9cnico V\u00edctor Hugo Ram\u00edrez; quien estuvo acompa\u00f1ado por la diputada local Ana Mar\u00eda Dur\u00f3n; el Magistrado Gerardo Lara P\u00e9rez; la encargada del despacho del DIF Municipal, Roc\u00edo Escobar Olmos; el rector de la UTLD, V\u00edctor Alonso G\u00f3mez; la coordinadora regional del SENTE secci\u00f3n 44, Diana Campos; el secretario delegacional del SENTE secci\u00f3n 44, Ricardo Andrade Garc\u00eda; el secretario general del Sindicato de Choferes y Rutas Francisco Sarabia, Mart\u00edn Acosta Ant\u00fanez, y sus agremiados.<\/p>\n\n\n\n<p>Tambi\u00e9n estuvieron presentes la escuela primaria Francisco Sarabia Tinoco, la secundaria general Melquiades Campos, y el Centro de Estudios Lerdo Contempor\u00e1neo.<\/p>\n\n\n\n<p>El Cronista Adjunto de Ciudad Lerdo dio lectura a la rese\u00f1a hist\u00f3rica de Francisco Sarabia, destacando sus haza\u00f1as en el cielo: su trabajo temerario como parte de un circo a\u00e9reo en Estados Unidos, pa\u00eds donde tambi\u00e9n fue instructor de vuelo y piloto del servicio postal. Y su record de velocidad en el Gee Bee R-6 (conocido como \u201cEl Conquistador del Cielo\u201d) entre la Ciudad de M\u00e9xico y Nueva York, cubriendo una distancia de 3,781 kil\u00f3metros en tan solo 10 horas y 47 minutos.<\/p>\n\n\n\n<p>Sarabia muri\u00f3 a sus 38 a\u00f1os de edad, en un tr\u00e1gico accidente a\u00e9reo el 7 de junio de 1939, pues su avi\u00f3n se desplom\u00f3 en el R\u00edo Anacostia, poco despu\u00e9s de despegar desde Washington, D.C. con destino a la Ciudad de M\u00e9xico.<\/p>\n\n\n\n<p>Inaugurando el momento cultural, el alumno Gerardo Rodr\u00edguez Orozco declam\u00f3 la poes\u00eda a Sarabia con fuerza y vigor, enseguida el grupo de poes\u00eda coral del Centro de Estudios Lerdo Contempor\u00e1neo enton\u00f3 el &#8220;Corrido a Sarabia&#8221;.<\/p>\n\n\n\n<p>Con su encanto y carisma, Jos\u00e9 Rodolfo L\u00f3pez de la secundaria Melquiades Campos, interpret\u00f3 las melod\u00edas &#8220;Me encantas&#8221; y &#8220;Diles que yo no fui&#8221;, poniendo a aplaudir a todos los presentes, y el peque\u00f1o Jes\u00fas Jaidar, enamor\u00f3 a los presentes con su talento a tan corta edad, entonando \u201cEl Gavil\u00e1n Colorado\u201d de Pedro Fern\u00e1ndez.<\/p>\n\n\n\n<p>Para finalizar, el Grupo de Danza folkl\u00f3rica del Instituto Lerdo Contempor\u00e1neo present\u00f3 dos bailables, uno del estado de Chihuahua y uno m\u00e1s del estado de Sinaloa. La Banda de M\u00fasica No 2 del Estado, abri\u00f3 y cerr\u00f3 el programa. El evento estuvo a cargo de la Direcci\u00f3n de Educaci\u00f3n Municipal de Lerdo.<\/p>\n","protected":false},"excerpt":{"rendered":"<p>Lerdo, 07 de junio 2025.- Para rendir homenaje Capit\u00e1n Piloto Aviador Francisco Sarabia Tinoco, por su 86 aniversario luctuoso, autoridades municipales de Lerdo, alumnos del Centro de Estudios Lerdo Contempor\u00e1neo y taxistas de la base Francisco Sarabia, marcharon desde la Presidencia Municipal de Lerdo hasta el Museo dedicado al Piloto Aviador, por toda la avenida [&hellip;]<\/p>\n","protected":false},"author":1,"featured_media":21198,"comment_status":"open","ping_status":"open","sticky":false,"template":"","format":"standard","meta":{"_monsterinsights_skip_tracking":false,"_monsterinsights_sitenote_active":false,"_monsterinsights_sitenote_note":"","_monsterinsights_sitenote_category":0,"footnotes":""},"categories":[1],"tags":[],"_links":{"self":[{"href":"https:\/\/zonalimitrofe-cbnr.com\/index.php\/wp-json\/wp\/v2\/posts\/21197"}],"collection":[{"href":"https:\/\/zonalimitrofe-cbnr.com\/index.php\/wp-json\/wp\/v2\/posts"}],"about":[{"href":"https:\/\/zonalimitrofe-cbnr.com\/index.php\/wp-json\/wp\/v2\/types\/post"}],"author":[{"embeddable":true,"href":"https:\/\/zonalimitrofe-cbnr.com\/index.php\/wp-json\/wp\/v2\/users\/1"}],"replies":[{"embeddable":true,"href":"https:\/\/zonalimitrofe-cbnr.com\/index.php\/wp-json\/wp\/v2\/comments?post=21197"}],"version-history":[{"count":1,"href":"https:\/\/zonalimitrofe-cbnr.com\/index.php\/wp-json\/wp\/v2\/posts\/21197\/revisions"}],"predecessor-version":[{"id":21199,"href":"https:\/\/zonalimitrofe-cbnr.com\/index.php\/wp-json\/wp\/v2\/posts\/21197\/revisions\/21199"}],"wp:featuredmedia":[{"embeddable":true,"href":"https:\/\/zonalimitrofe-cbnr.com\/index.php\/wp-json\/wp\/v2\/media\/21198"}],"wp:attachment":[{"href":"https:\/\/zonalimitrofe-cbnr.com\/index.php\/wp-json\/wp\/v2\/media?parent=21197"}],"wp:term":[{"taxonomy":"category","embeddable":true,"href":"https:\/\/zonalimitrofe-cbnr.com\/index.php\/wp-json\/wp\/v2\/categories?post=21197"},{"taxonomy":"post_tag","embeddable":true,"href":"https:\/\/zonalimitrofe-cbnr.com\/index.php\/wp-json\/wp\/v2\/tags?post=21197"}],"curies":[{"name":"wp","href":"https:\/\/api.w.org\/{rel}","templated":true}]}}