{"id":21178,"date":"2025-06-07T16:56:41","date_gmt":"2025-06-07T22:56:41","guid":{"rendered":"https:\/\/zonalimitrofe-cbnr.com\/?p=21178"},"modified":"2025-06-07T16:56:42","modified_gmt":"2025-06-07T22:56:42","slug":"lerdo-conmemoran-el-dia-de-la-libertad-y-expresion","status":"publish","type":"post","link":"https:\/\/zonalimitrofe-cbnr.com\/index.php\/2025\/06\/07\/lerdo-conmemoran-el-dia-de-la-libertad-y-expresion\/","title":{"rendered":"#LERDO, CONMEMORAN EL D\u00cdA DE LA LIBERTAD Y EXPRESI\u00d3N*"},"content":{"rendered":"\n<p>Lerdo, 07 de junio 2025.- La ma\u00f1ana de este s\u00e1bado 07 de junio, el Gobierno Municipal de Lerdo conmemor\u00f3 el D\u00eda de la Libertad y Expresi\u00f3n, en la plaza principal de ciudad, frente al busto de Francisco Zarco, figura pol\u00edtica que luch\u00f3 por la libertad de prensa en el pa\u00eds, a mediados del siglo XIX.<\/p>\n\n\n\n<p>Para la colocaci\u00f3n de ofrenda floral, en representaci\u00f3n del Presidente Municipal Homero Mart\u00ednez Cabrera, se cont\u00f3 con la asistencia del secretario t\u00e9cnico V\u00edctor Hugo Ram\u00edrez; as\u00ed mismo, para la guardia de honor, lo acompa\u00f1aron el Director de Educaci\u00f3n, Rom\u00e1n Alberto Herrera, encargado del evento; el Titular de la Direcci\u00f3n de Comunicaci\u00f3n Social, Dagoberto Hern\u00e1ndez Medina; Roc\u00edo Escobar, encargada del Despacho del DIF Lerdo; la Diputada Local por Lerdo, Ana Mar\u00eda Dur\u00f3n; y compa\u00f1eros de la prensa.<\/p>\n\n\n\n<p>En su participaci\u00f3n, el Director de Comunicaci\u00f3n Social, Dagoberto Hern\u00e1ndez Medina, hizo memoria de que en a\u00f1os atr\u00e1s la Comarca Lagunera era considerada como una de las zonas m\u00e1s violentas y peligrosas en el pa\u00eds, donde los reporteros ten\u00edan que ejercer su trabajo en medio de las amenazas, de los \u201clevantones\u201d e intimidaciones por los grupos que se dedicaban a generar violencia.<\/p>\n\n\n\n<p>\u201cDesafortunadamente tambi\u00e9n perdimos a compa\u00f1eros\u201d record\u00f3 a su estimado amigo Eliseo Barr\u00f3n (de Grupo Milenio), y continu\u00f3 \u201cAfortunadamente, las cosas hoy son distintas en la Comarca Lagunera, Lerdo y la zona metropolitana est\u00e1n consideradas como una de las zonas m\u00e1s seguras del pa\u00eds\u201d<\/p>\n\n\n\n<p>Hizo alusi\u00f3n a los trabajos que el Presidente Municipal Homero Mart\u00ednez Cabrera y el Gobernador del Estado Esteban Villegas, han realizado en conjunto con el Mando Especial de la Laguna para garantizar esa seguridad en el municipio de Lerdo.<\/p>\n\n\n\n<p>\u201cCreemos que se han generado las condiciones para que los reporteros y los compa\u00f1eros de prensa puedan ejercer libremente su trabajo en el municipio de Lerdo. Un saludo y una felicitaci\u00f3n para todos los compa\u00f1eros que se dedican a este bello oficio: el de informar\u201d reiter\u00f3.<\/p>\n","protected":false},"excerpt":{"rendered":"<p>Lerdo, 07 de junio 2025.- La ma\u00f1ana de este s\u00e1bado 07 de junio, el Gobierno Municipal de Lerdo conmemor\u00f3 el D\u00eda de la Libertad y Expresi\u00f3n, en la plaza principal de ciudad, frente al busto de Francisco Zarco, figura pol\u00edtica que luch\u00f3 por la libertad de prensa en el pa\u00eds, a mediados del siglo XIX. [&hellip;]<\/p>\n","protected":false},"author":1,"featured_media":21179,"comment_status":"open","ping_status":"open","sticky":false,"template":"","format":"standard","meta":{"_monsterinsights_skip_tracking":false,"_monsterinsights_sitenote_active":false,"_monsterinsights_sitenote_note":"","_monsterinsights_sitenote_category":0,"footnotes":""},"categories":[1],"tags":[],"_links":{"self":[{"href":"https:\/\/zonalimitrofe-cbnr.com\/index.php\/wp-json\/wp\/v2\/posts\/21178"}],"collection":[{"href":"https:\/\/zonalimitrofe-cbnr.com\/index.php\/wp-json\/wp\/v2\/posts"}],"about":[{"href":"https:\/\/zonalimitrofe-cbnr.com\/index.php\/wp-json\/wp\/v2\/types\/post"}],"author":[{"embeddable":true,"href":"https:\/\/zonalimitrofe-cbnr.com\/index.php\/wp-json\/wp\/v2\/users\/1"}],"replies":[{"embeddable":true,"href":"https:\/\/zonalimitrofe-cbnr.com\/index.php\/wp-json\/wp\/v2\/comments?post=21178"}],"version-history":[{"count":1,"href":"https:\/\/zonalimitrofe-cbnr.com\/index.php\/wp-json\/wp\/v2\/posts\/21178\/revisions"}],"predecessor-version":[{"id":21180,"href":"https:\/\/zonalimitrofe-cbnr.com\/index.php\/wp-json\/wp\/v2\/posts\/21178\/revisions\/21180"}],"wp:featuredmedia":[{"embeddable":true,"href":"https:\/\/zonalimitrofe-cbnr.com\/index.php\/wp-json\/wp\/v2\/media\/21179"}],"wp:attachment":[{"href":"https:\/\/zonalimitrofe-cbnr.com\/index.php\/wp-json\/wp\/v2\/media?parent=21178"}],"wp:term":[{"taxonomy":"category","embeddable":true,"href":"https:\/\/zonalimitrofe-cbnr.com\/index.php\/wp-json\/wp\/v2\/categories?post=21178"},{"taxonomy":"post_tag","embeddable":true,"href":"https:\/\/zonalimitrofe-cbnr.com\/index.php\/wp-json\/wp\/v2\/tags?post=21178"}],"curies":[{"name":"wp","href":"https:\/\/api.w.org\/{rel}","templated":true}]}}