{"id":21175,"date":"2025-06-07T16:53:23","date_gmt":"2025-06-07T22:53:23","guid":{"rendered":"https:\/\/zonalimitrofe-cbnr.com\/?p=21175"},"modified":"2025-06-07T16:53:23","modified_gmt":"2025-06-07T22:53:23","slug":"uadec-entrega-uadec-constancias-de-cierre-del-ciclo-del-programa-peraj","status":"publish","type":"post","link":"https:\/\/zonalimitrofe-cbnr.com\/index.php\/2025\/06\/07\/uadec-entrega-uadec-constancias-de-cierre-del-ciclo-del-programa-peraj\/","title":{"rendered":"#UAdeC. Entrega UAdeC Constancias de Cierre del Ciclo del Programa PERAJ"},"content":{"rendered":"\n<p>SALTILLO, Coahuila. 7 de junio de 2025. La Universidad Aut\u00f3noma de Coahuila, a trav\u00e9s de la Coordinaci\u00f3n General de Extensi\u00f3n Universitaria y en colaboraci\u00f3n con el Programa PERAJ M\u00e9xico, llev\u00f3 a cabo la Ceremonia de entrega de constancias de fin de curso a las y los participantes de la generaci\u00f3n 2024-2025 de PERAJ \u201cInspirando Futuros\u201d de la Facultad de Ciencias de la Comunicaci\u00f3n.<\/p>\n\n\n\n<p>En el Auditorio del plantel en representaci\u00f3n del rector de la UAdeC, Octavio Pimentel Mart\u00ednez, asisti\u00f3 el Tesorero de la UAdeC, Evaristo Alf\u00e9rez Rodr\u00edguez, acompa\u00f1ado por la coordinadora de la Unidad Sureste, Eva Kerena Hern\u00e1ndez, el coordinador de Extensi\u00f3n Universitaria, David Hern\u00e1ndez Barrera, el director de la Facultad de Ciencias de la Comunicaci\u00f3n, Miguel S\u00e1nchez Maldonado y el director de la Facultad de Ciencia Educaci\u00f3n y Humanidades, Julio Cu Farf\u00e1n.<\/p>\n\n\n\n<p>As\u00ed como la directora de la Primaria \u201c15 de Mayo\u201d, Mar\u00eda Anaid Castillo Pereyra; la directora de la primaria \u201cRafael Ochoa\u201d Turno Vespertino, Edna Esmeralda Delgado Delgadillo; el director de la Primaria \u201cRafael Ochoa\u201d Turno Matutino, Natanael Zavala Herrera; funcionariado universitario, ni\u00f1as y ni\u00f1os beneficiarios del programa, acompa\u00f1ados por sus mentores universitarios.<\/p>\n\n\n\n<p>En su mensaje de bienvenida el director de la Facultad de Ciencias de la Comunicaci\u00f3n, Miguel S\u00e1nchez Maldonado, reconoci\u00f3 el trabajo conjunto y solidario entre unidades acad\u00e9micas, a las cuales agradeci\u00f3 por confiar en el proyecto desde sus inicios y por sumarse con entusiasmo a la iniciativa, as\u00ed como a los padres de familia por depositar su confianza en los universitarios que acompa\u00f1aron y guiaron a sus hijos durante todo un a\u00f1o.<\/p>\n\n\n\n<p>Por su parte, el coordinador de Extensi\u00f3n Universitaria, David Hern\u00e1ndez Barrera, destac\u00f3 la importancia del programa PERAJ como una experiencia transformadora tanto para los mentores como para los ni\u00f1os participantes, ya que la energ\u00eda m\u00e1s significativa y positiva proviene de las y los ni\u00f1os; por lo que celebr\u00f3 el compromiso de los 97 mentores que acompa\u00f1aron a 114 ni\u00f1as y ni\u00f1os de manera cercana y personalizada en las distintas unidades acad\u00e9micas en donde se lleva a cabo el programa.<\/p>\n\n\n\n<p>Reconoci\u00f3 el esfuerzo y la dedicaci\u00f3n de los j\u00f3venes universitarios, ya que este tipo de iniciativas dejan una huella que trasciende lo acad\u00e9mico y se convierte en un aprendizaje para la vida.<\/p>\n\n\n\n<p>En su intervenci\u00f3n, la coordinadora de la Unidad Sureste, Eva Kerena Hern\u00e1ndez, resalt\u00f3 el trabajo de los mentores y su impacto en los ni\u00f1os participantes, puesto que esta experiencia va m\u00e1s all\u00e1 de lo acad\u00e9mico, contribuyendo al crecimiento personal de todos los involucrados.<\/p>\n\n\n\n<p>Por su parte, las alumnas de la Facultad de Ciencias de la Comunicaci\u00f3n y de la Facultad de Ciencias, Educaci\u00f3n y Humanidades, Alexa Cuevas Garc\u00eda y Sara Anah\u00ed<\/p>\n\n\n\n<p>Preciado Garc\u00eda, respectivamente, agradecieron la experiencia de acompa\u00f1ar a ni\u00f1as y ni\u00f1os en su desarrollo personal y acad\u00e9mico.<\/p>\n\n\n\n<p>Reconocieron el papel fundamental de los padres de familia, quienes depositaron su confianza al permitir que sus hijos participaran cada fin de semana en las actividades del programa, sabiendo que estar\u00edan en un entorno seguro, guiados por universitarios comprometidos, respetuosos y formadores de valores.<\/p>\n\n\n\n<p>Durante la ceremonia se entregaron reconocimientos a las ni\u00f1as y ni\u00f1os participantes: Iker Haziel Ramos de Le\u00f3n, Carlos Daniel Antonio Guti\u00e9rrez, Kevin Emanuel Esequiel Silva, lan Gael Rocha Leos, David Alejandro Ram\u00edrez Garc\u00eda, Dilan Jos\u00e9 Garc\u00eda Nu\u00f1ez, Kinam David S\u00e1nchez Rodr\u00edguez, Dominck Osiel Ramos de Le\u00f3n, Andy Yair Espinoza Garc\u00eda, Irvin Tadeo Jara Mart\u00ednez, Jos\u00e9 Gustavo S\u00e1nchez Morales.<\/p>\n\n\n\n<p>\u00c1ngel Eduardo Coronado Garc\u00eda, Guadalupe Yamileth Alvizo Leija, Victoria Sarah\u00ed Flores Serrato, Aldair Emiliano Torres Delgado, Carlos Esa\u00fa Rivero Rivera, Emily Joseline Casas Urbano, Javier Abdiel L\u00f3pez Hern\u00e1ndez, Emiliano Rodr\u00edguez Villa, Junior Osvaldo Jara Mart\u00ednez, Elmer Emiliano \u00c1lvarez Ramos, Kain Caleb T\u00e9llez Luna, Jon\u00e1s Delgado Soto, \u00c1ngel Santiago Torres Delgado, Karla Michelle Sol\u00eds Ram\u00edrez, Yair Sa\u00fal Camarillo Mart\u00ednez y Erick Alexis Rodr\u00edguez Vel\u00e1zquez.<\/p>\n\n\n\n<p>El Programa PERAJ \u201cInspirando Futuros\u201d es un modelo de mentor\u00eda en el que estudiantes universitarios acompa\u00f1an a ni\u00f1os y ni\u00f1as en su crecimiento personal y acad\u00e9mico, promoviendo que los menores fortalezcan su autoestima, sus habilidades sociales, sus h\u00e1bitos de estudio, ampl\u00ede su cultura general y sus horizontes de desarrollo acad\u00e9mico y personal.<\/p>\n","protected":false},"excerpt":{"rendered":"<p>SALTILLO, Coahuila. 7 de junio de 2025. La Universidad Aut\u00f3noma de Coahuila, a trav\u00e9s de la Coordinaci\u00f3n General de Extensi\u00f3n Universitaria y en colaboraci\u00f3n con el Programa PERAJ M\u00e9xico, llev\u00f3 a cabo la Ceremonia de entrega de constancias de fin de curso a las y los participantes de la generaci\u00f3n 2024-2025 de PERAJ \u201cInspirando Futuros\u201d [&hellip;]<\/p>\n","protected":false},"author":1,"featured_media":21176,"comment_status":"open","ping_status":"open","sticky":false,"template":"","format":"standard","meta":{"_monsterinsights_skip_tracking":false,"_monsterinsights_sitenote_active":false,"_monsterinsights_sitenote_note":"","_monsterinsights_sitenote_category":0,"footnotes":""},"categories":[1],"tags":[],"_links":{"self":[{"href":"https:\/\/zonalimitrofe-cbnr.com\/index.php\/wp-json\/wp\/v2\/posts\/21175"}],"collection":[{"href":"https:\/\/zonalimitrofe-cbnr.com\/index.php\/wp-json\/wp\/v2\/posts"}],"about":[{"href":"https:\/\/zonalimitrofe-cbnr.com\/index.php\/wp-json\/wp\/v2\/types\/post"}],"author":[{"embeddable":true,"href":"https:\/\/zonalimitrofe-cbnr.com\/index.php\/wp-json\/wp\/v2\/users\/1"}],"replies":[{"embeddable":true,"href":"https:\/\/zonalimitrofe-cbnr.com\/index.php\/wp-json\/wp\/v2\/comments?post=21175"}],"version-history":[{"count":1,"href":"https:\/\/zonalimitrofe-cbnr.com\/index.php\/wp-json\/wp\/v2\/posts\/21175\/revisions"}],"predecessor-version":[{"id":21177,"href":"https:\/\/zonalimitrofe-cbnr.com\/index.php\/wp-json\/wp\/v2\/posts\/21175\/revisions\/21177"}],"wp:featuredmedia":[{"embeddable":true,"href":"https:\/\/zonalimitrofe-cbnr.com\/index.php\/wp-json\/wp\/v2\/media\/21176"}],"wp:attachment":[{"href":"https:\/\/zonalimitrofe-cbnr.com\/index.php\/wp-json\/wp\/v2\/media?parent=21175"}],"wp:term":[{"taxonomy":"category","embeddable":true,"href":"https:\/\/zonalimitrofe-cbnr.com\/index.php\/wp-json\/wp\/v2\/categories?post=21175"},{"taxonomy":"post_tag","embeddable":true,"href":"https:\/\/zonalimitrofe-cbnr.com\/index.php\/wp-json\/wp\/v2\/tags?post=21175"}],"curies":[{"name":"wp","href":"https:\/\/api.w.org\/{rel}","templated":true}]}}