{"id":21172,"date":"2025-06-07T16:51:37","date_gmt":"2025-06-07T22:51:37","guid":{"rendered":"https:\/\/zonalimitrofe-cbnr.com\/?p=21172"},"modified":"2025-06-07T16:51:38","modified_gmt":"2025-06-07T22:51:38","slug":"torreon-prevencion-social-de-la-violencia-participo-en-el-foro-sanamente-vive-chido","status":"publish","type":"post","link":"https:\/\/zonalimitrofe-cbnr.com\/index.php\/2025\/06\/07\/torreon-prevencion-social-de-la-violencia-participo-en-el-foro-sanamente-vive-chido\/","title":{"rendered":"#Torre\u00f3n. Prevenci\u00f3n Social de la Violencia particip\u00f3 en el Foro \u201cSanamente Vive Chido\u201d"},"content":{"rendered":"\n<p>Torre\u00f3n, Coahuila a 07 de junio del 2025<\/p>\n\n\n\n<p>En el marco de la conmemoraci\u00f3n del D\u00eda Mundial Sin Tabaco, el 31 de mayo, la directora de la Unidad de Prevenci\u00f3n Social de la Violencia, Blanca \u00c1lvarez Garza, particip\u00f3 como invitada especial en el Foro Inter-Secundarias 2025 titulado \u201cMente Sana \u2013Vive Chido\u201d, organizado por Centros de Integraci\u00f3n Juvenil A.C. (CIJ).<\/p>\n\n\n\n<p>\u201cEl evento se realiz\u00f3 en las instalaciones del Auditorio de la Universidad Aut\u00f3noma de La Laguna, donde se reuni\u00f3 a m\u00e1s de 450 estudiantes de escuelas p\u00fablicas y privadas de la regi\u00f3n, quienes participaron en actividades y charlas enfocadas en la salud mental, la prevenci\u00f3n de adicciones y la promoci\u00f3n de ambientes escolares libres de violencia\u201d, mencion\u00f3 la funcionaria.<\/p>\n\n\n\n<p>\u00c1lvarez Garza reafirm\u00f3 su compromiso con el bienestar de la juventud de Torre\u00f3n, destacando la importancia de impulsar estrategias de prevenci\u00f3n desde el entorno escolar y comunitario.<\/p>\n\n\n\n<p>Adem\u00e1s, personal de la Unidad de Prevenci\u00f3n Social de la Violencia particip\u00f3 activamente como moderadores de las mesas de trabajo con estudiantes, fortaleciendo el di\u00e1logo y la reflexi\u00f3n entre j\u00f3venes sobre los retos que enfrentan en sus entornos escolares y personales, y promoviendo herramientas para una convivencia m\u00e1s sana.<\/p>\n\n\n\n<p>Tambi\u00e9n se cont\u00f3 con la presencia de Miriam Carrillo L\u00f3pez, directora nacional de Prevenci\u00f3n del CIJ, quien celebr\u00f3 la colaboraci\u00f3n institucional en beneficio de la juventud.<\/p>\n\n\n\n<p>El foro \u201cMente Sana \u2013 Vive Chido\u201d reafirma la importancia del trabajo conjunto entre sociedad civil, instituciones educativas y autoridades municipales para fomentar una juventud m\u00e1s informada, emp\u00e1tica y resiliente frente a las adicciones y problem\u00e1ticas de salud mental<\/p>\n","protected":false},"excerpt":{"rendered":"<p>Torre\u00f3n, Coahuila a 07 de junio del 2025 En el marco de la conmemoraci\u00f3n del D\u00eda Mundial Sin Tabaco, el 31 de mayo, la directora de la Unidad de Prevenci\u00f3n Social de la Violencia, Blanca \u00c1lvarez Garza, particip\u00f3 como invitada especial en el Foro Inter-Secundarias 2025 titulado \u201cMente Sana \u2013Vive Chido\u201d, organizado por Centros de [&hellip;]<\/p>\n","protected":false},"author":1,"featured_media":21173,"comment_status":"open","ping_status":"open","sticky":false,"template":"","format":"standard","meta":{"_monsterinsights_skip_tracking":false,"_monsterinsights_sitenote_active":false,"_monsterinsights_sitenote_note":"","_monsterinsights_sitenote_category":0,"footnotes":""},"categories":[1],"tags":[],"_links":{"self":[{"href":"https:\/\/zonalimitrofe-cbnr.com\/index.php\/wp-json\/wp\/v2\/posts\/21172"}],"collection":[{"href":"https:\/\/zonalimitrofe-cbnr.com\/index.php\/wp-json\/wp\/v2\/posts"}],"about":[{"href":"https:\/\/zonalimitrofe-cbnr.com\/index.php\/wp-json\/wp\/v2\/types\/post"}],"author":[{"embeddable":true,"href":"https:\/\/zonalimitrofe-cbnr.com\/index.php\/wp-json\/wp\/v2\/users\/1"}],"replies":[{"embeddable":true,"href":"https:\/\/zonalimitrofe-cbnr.com\/index.php\/wp-json\/wp\/v2\/comments?post=21172"}],"version-history":[{"count":1,"href":"https:\/\/zonalimitrofe-cbnr.com\/index.php\/wp-json\/wp\/v2\/posts\/21172\/revisions"}],"predecessor-version":[{"id":21174,"href":"https:\/\/zonalimitrofe-cbnr.com\/index.php\/wp-json\/wp\/v2\/posts\/21172\/revisions\/21174"}],"wp:featuredmedia":[{"embeddable":true,"href":"https:\/\/zonalimitrofe-cbnr.com\/index.php\/wp-json\/wp\/v2\/media\/21173"}],"wp:attachment":[{"href":"https:\/\/zonalimitrofe-cbnr.com\/index.php\/wp-json\/wp\/v2\/media?parent=21172"}],"wp:term":[{"taxonomy":"category","embeddable":true,"href":"https:\/\/zonalimitrofe-cbnr.com\/index.php\/wp-json\/wp\/v2\/categories?post=21172"},{"taxonomy":"post_tag","embeddable":true,"href":"https:\/\/zonalimitrofe-cbnr.com\/index.php\/wp-json\/wp\/v2\/tags?post=21172"}],"curies":[{"name":"wp","href":"https:\/\/api.w.org\/{rel}","templated":true}]}}