{"id":21119,"date":"2025-06-05T20:19:41","date_gmt":"2025-06-06T02:19:41","guid":{"rendered":"https:\/\/zonalimitrofe-cbnr.com\/?p=21119"},"modified":"2025-06-05T20:19:41","modified_gmt":"2025-06-06T02:19:41","slug":"torreon-celebran-el-dia-mundial-del-medio-ambiente-con-feria-ecologica","status":"publish","type":"post","link":"https:\/\/zonalimitrofe-cbnr.com\/index.php\/2025\/06\/05\/torreon-celebran-el-dia-mundial-del-medio-ambiente-con-feria-ecologica\/","title":{"rendered":"#Torre\u00f3n. Celebran el \u201cD\u00eda Mundial del Medio Ambiente\u201d con Feria ecol\u00f3gica"},"content":{"rendered":"\n<p>Torre\u00f3n, Coahuila. A 05 de junio de 2025<\/p>\n\n\n\n<p>En el marco del D\u00eda Mundial del Medio Ambiente, celebrado cada 5 de junio, la Administraci\u00f3n Municipal encabezada por el alcalde Rom\u00e1n Alberto Cepeda Gonz\u00e1lez, a trav\u00e9s de la Direcci\u00f3n General de Medio Ambiente (DGMA), y diversas dependencias, llevaron a cabo una Feria ecol\u00f3gica en el Parque Fundadores.<\/p>\n\n\n\n<p>El objetivo fue sensibilizar a la ciudadan\u00eda sobre la importancia de adoptar h\u00e1bitos sostenibles y fomentar nuevas formas de cuidar el entorno natural.<\/p>\n\n\n\n<p>Durante el evento, Marcelo S\u00e1nchez Adame, director de Medio Ambiente, destac\u00f3 que la actividad fue pensada como una experiencia educativa e interactiva para todas las edades, especialmente para ni\u00f1as y ni\u00f1os.<\/p>\n\n\n\n<p>\u201cLa intenci\u00f3n es que cada visitante pueda adoptar otras formas de cuidar el ambiente y eso sume a una nueva manera de relacionarse con su entorno\u201d.<\/p>\n\n\n\n<p>La Feria cont\u00f3 con diversas actividades distribuidas en m\u00f3dulos, entre los que destacaron los stands interactivos, un jard\u00edn polinizador, exposici\u00f3n fotogr\u00e1fica, juegos ecol\u00f3gicos, actividades l\u00fadicas y la donaci\u00f3n de \u00e1rboles.<\/p>\n\n\n\n<p>Estas din\u00e1micas permitieron a los asistentes conocer de forma pr\u00e1ctica y did\u00e1ctica c\u00f3mo contribuir al cuidado del medio ambiente desde su vida cotidiana. Adem\u00e1s del aprendizaje sobre la flora y fauna de la regi\u00f3n lagunera, con el prop\u00f3sito de valorar los recursos naturales que existen en el entorno local y promover su conservaci\u00f3n.<\/p>\n\n\n\n<p>En el evento particip\u00f3 el Sistema para el Desarrollo Integral de la Familia (DIF) Torre\u00f3n, el Sistema Municipal de Aguas y Saneamiento (SIMAS) Torre\u00f3n, Promotora Ambiental (PASA), adem\u00e1s de la Direcci\u00f3n de Vialidad y Movilidad Urbana, el Instituto Municipal de la Mujer (IMM), el Instituto Municipal de Cultura y Educaci\u00f3n (IMCE), la Direcci\u00f3n Municipal de Turismo, la Unidad Municipal de Derechos Humanos (UMDH) y la Direcci\u00f3n General de Servicios P\u00fablicos.<\/p>\n\n\n\n<p>Tambi\u00e9n se sumaron a esta iniciativa ambientalista diversas asociaciones civiles, instituciones educativas y colectivos ciudadanos comprometidos con el bienestar ecol\u00f3gico.<\/p>\n\n\n\n<p>Durante el evento se registr\u00f3 la asistencia de m\u00e1s de 300 ni\u00f1as y ni\u00f1os, adem\u00e1s de docentes y p\u00fablico en general, quienes participaron en las actividades programadas.<\/p>\n\n\n\n<p>Sumado a ello, como parte de la jornada, autoridades municipales realizaron un recorrido por los stands, para dialogar con los expositores y visitantes sobre los esfuerzos en materia ambiental.<\/p>\n","protected":false},"excerpt":{"rendered":"<p>Torre\u00f3n, Coahuila. A 05 de junio de 2025 En el marco del D\u00eda Mundial del Medio Ambiente, celebrado cada 5 de junio, la Administraci\u00f3n Municipal encabezada por el alcalde Rom\u00e1n Alberto Cepeda Gonz\u00e1lez, a trav\u00e9s de la Direcci\u00f3n General de Medio Ambiente (DGMA), y diversas dependencias, llevaron a cabo una Feria ecol\u00f3gica en el Parque [&hellip;]<\/p>\n","protected":false},"author":1,"featured_media":21120,"comment_status":"open","ping_status":"open","sticky":false,"template":"","format":"standard","meta":{"_monsterinsights_skip_tracking":false,"_monsterinsights_sitenote_active":false,"_monsterinsights_sitenote_note":"","_monsterinsights_sitenote_category":0,"footnotes":""},"categories":[1],"tags":[],"_links":{"self":[{"href":"https:\/\/zonalimitrofe-cbnr.com\/index.php\/wp-json\/wp\/v2\/posts\/21119"}],"collection":[{"href":"https:\/\/zonalimitrofe-cbnr.com\/index.php\/wp-json\/wp\/v2\/posts"}],"about":[{"href":"https:\/\/zonalimitrofe-cbnr.com\/index.php\/wp-json\/wp\/v2\/types\/post"}],"author":[{"embeddable":true,"href":"https:\/\/zonalimitrofe-cbnr.com\/index.php\/wp-json\/wp\/v2\/users\/1"}],"replies":[{"embeddable":true,"href":"https:\/\/zonalimitrofe-cbnr.com\/index.php\/wp-json\/wp\/v2\/comments?post=21119"}],"version-history":[{"count":1,"href":"https:\/\/zonalimitrofe-cbnr.com\/index.php\/wp-json\/wp\/v2\/posts\/21119\/revisions"}],"predecessor-version":[{"id":21121,"href":"https:\/\/zonalimitrofe-cbnr.com\/index.php\/wp-json\/wp\/v2\/posts\/21119\/revisions\/21121"}],"wp:featuredmedia":[{"embeddable":true,"href":"https:\/\/zonalimitrofe-cbnr.com\/index.php\/wp-json\/wp\/v2\/media\/21120"}],"wp:attachment":[{"href":"https:\/\/zonalimitrofe-cbnr.com\/index.php\/wp-json\/wp\/v2\/media?parent=21119"}],"wp:term":[{"taxonomy":"category","embeddable":true,"href":"https:\/\/zonalimitrofe-cbnr.com\/index.php\/wp-json\/wp\/v2\/categories?post=21119"},{"taxonomy":"post_tag","embeddable":true,"href":"https:\/\/zonalimitrofe-cbnr.com\/index.php\/wp-json\/wp\/v2\/tags?post=21119"}],"curies":[{"name":"wp","href":"https:\/\/api.w.org\/{rel}","templated":true}]}}