{"id":21113,"date":"2025-06-05T20:16:19","date_gmt":"2025-06-06T02:16:19","guid":{"rendered":"https:\/\/zonalimitrofe-cbnr.com\/?p=21113"},"modified":"2025-06-05T20:16:19","modified_gmt":"2025-06-06T02:16:19","slug":"lerdo-conmemoran-147-natalicio-de-francisco-villa-en-plaza-de-lerdo","status":"publish","type":"post","link":"https:\/\/zonalimitrofe-cbnr.com\/index.php\/2025\/06\/05\/lerdo-conmemoran-147-natalicio-de-francisco-villa-en-plaza-de-lerdo\/","title":{"rendered":"#Lerdo. CONMEMORAN 147 NATALICIO DE FRANCISCO VILLA, EN PLAZA DE LERDO*"},"content":{"rendered":"\n<p>El Municipio de Lerdo, a trav\u00e9s de la Direcci\u00f3n de Educaci\u00f3n Municipal, conmemor\u00f3 este jueves, en la plaza principal de Cd. Lerdo, el 147 aniversario del natalicio del General Francisco Villa, Comandante de la Divisi\u00f3n del Norte y un \u00edcono de la Revoluci\u00f3n Mexicana que luch\u00f3 por las causas sociales y los campesinos.<\/p>\n\n\n\n<p>En representaci\u00f3n del Presidente Municipal Homero Mart\u00ednez Cabrera, el secretario t\u00e9cnico V\u00edctor Hugo Ram\u00edrez Ontiveros hizo guardia de honor y entrega de ofrenda floral, acompa\u00f1ado por la diputada local por Lerdo Ana Mar\u00eda Dur\u00f3n; la directora de la Preparatoria Francisco Villa, Liliana Ivonne S\u00e1nchez; Cronista Adjunto en Cd. Lerdo, Jorge Vargas Frausto; Roc\u00edo Escobar, encargada del despacho del DIF Municipal; el director de Educaci\u00f3n, Rom\u00e1n Alberto D\u00edaz; Ricardo Andrade, secretario delegacional D13 del SENTE Secci\u00f3n 44; Baltazar Torres, jefe del departamento de Museos; Alberto Antunez, encargado del Museo Francisco Villa en Villa La Loma.<\/p>\n\n\n\n<p>El Cronista de la Ciudad, Jorge Vargas, fue el encargado de leer la rese\u00f1a hist\u00f3rica del Caudillo del Norte. Su nombre real era Doroteo Arango y naci\u00f3 en el rancho de R\u00edo Grande, cerca de San Juan del R\u00edo, el 5 de junio de 1878.<\/p>\n\n\n\n<p>Cambi\u00f3 su nombre por el de Francisco Villa luego de huir a la sierra, tras herir en una pierna al asdendado Agust\u00edn L\u00f3pez Negrete, quien intent\u00f3 raptar a su hermana Mariana. Y porque desert\u00f3 cuando fue reclutado a la fuerza por el Ej\u00e9rcito Federal en 1901 a 1902.<\/p>\n\n\n\n<p>Villa se dedic\u00f3 al bandidaje por un tiempo, y cuando intent\u00f3 reincorporarse al trabajo honrado su condici\u00f3n de pr\u00f3fugo de la justicia se lo impidi\u00f3. En 1910 se une al Maderismo con su compadre Luterio Soto, y despu\u00e9s con Ambraham Gonz\u00e1lez. Su audacia y sentido de organizaci\u00f3n lo hacen sobresalir como jefe en las batallas que se librar con el Ej\u00e9rcito Federal en San Andr\u00e9s, San Isabel, Cd. Camargo, Las Escobas y Estaci\u00f3n Bauche.<\/p>\n\n\n\n<p>En 1913 se consolid\u00f3 la Divisi\u00f3n del Norte, tras la muerte de Madero, tendr\u00eda brillates triunfos, como lo fueron la toma de Cd. Ju\u00e1rez, el Combate de Tierra Blanca, y para 1914 tom\u00f3 la ciudad de Chihuhua, y asumi\u00f3 el cargo provisional del Estado de Chihuahua.<\/p>\n\n\n\n<p>En 1915, sus enfrentamientos con Obreg\u00f3n diesmaron su ej\u00e9rcito y ya no se pudo reponer. Tras la muerte de Carranza, Villa se rindi\u00f3 en 1920 y se retir\u00f3 a la Hacienda de Canutillo con algunos de sus hombres. Francisco Villa muri\u00f3 acribillado en Parral, Chihuhahua el 20 de julio de 1923.<\/p>\n\n\n\n<p>\u201cSe convirti\u00f3 en el m\u00e1s relevante jefe militar de la revoluci\u00f3n campesina y popular contra el viejo r\u00e9gimen, y en el dirigente de un radical proceso de transformaci\u00f3n que fue cortado de tajo por su derrota militar, pero que permaneci\u00f3 intacta en la leyenda, en la memoria de los mexicanos. Era el vengador de los pobres, el Robin Hood mexicano\u201d comparti\u00f3 el Cronista Vargas.<\/p>\n\n\n\n<p>Durante el evento se cont\u00f3 con la participaci\u00f3n de los alumnos de la preparatoria Francisco Villa, con la poes\u00eda al General Villa; la cantante Am\u00e9rica Ulloa, entonando las melod\u00edas El Huapanguero, Le\u00f1a de Pirul y Quien Pierde una Estrella; as\u00ed como los alumnos del grupo de danza folkl\u00f3rica de la misma instituci\u00f3n educativa, quienes presentaron un cuadro de danza del estado de Chihuahua y de Coahuila.<\/p>\n","protected":false},"excerpt":{"rendered":"<p>El Municipio de Lerdo, a trav\u00e9s de la Direcci\u00f3n de Educaci\u00f3n Municipal, conmemor\u00f3 este jueves, en la plaza principal de Cd. Lerdo, el 147 aniversario del natalicio del General Francisco Villa, Comandante de la Divisi\u00f3n del Norte y un \u00edcono de la Revoluci\u00f3n Mexicana que luch\u00f3 por las causas sociales y los campesinos. En representaci\u00f3n [&hellip;]<\/p>\n","protected":false},"author":1,"featured_media":21114,"comment_status":"open","ping_status":"open","sticky":false,"template":"","format":"standard","meta":{"_monsterinsights_skip_tracking":false,"_monsterinsights_sitenote_active":false,"_monsterinsights_sitenote_note":"","_monsterinsights_sitenote_category":0,"footnotes":""},"categories":[1],"tags":[],"_links":{"self":[{"href":"https:\/\/zonalimitrofe-cbnr.com\/index.php\/wp-json\/wp\/v2\/posts\/21113"}],"collection":[{"href":"https:\/\/zonalimitrofe-cbnr.com\/index.php\/wp-json\/wp\/v2\/posts"}],"about":[{"href":"https:\/\/zonalimitrofe-cbnr.com\/index.php\/wp-json\/wp\/v2\/types\/post"}],"author":[{"embeddable":true,"href":"https:\/\/zonalimitrofe-cbnr.com\/index.php\/wp-json\/wp\/v2\/users\/1"}],"replies":[{"embeddable":true,"href":"https:\/\/zonalimitrofe-cbnr.com\/index.php\/wp-json\/wp\/v2\/comments?post=21113"}],"version-history":[{"count":1,"href":"https:\/\/zonalimitrofe-cbnr.com\/index.php\/wp-json\/wp\/v2\/posts\/21113\/revisions"}],"predecessor-version":[{"id":21115,"href":"https:\/\/zonalimitrofe-cbnr.com\/index.php\/wp-json\/wp\/v2\/posts\/21113\/revisions\/21115"}],"wp:featuredmedia":[{"embeddable":true,"href":"https:\/\/zonalimitrofe-cbnr.com\/index.php\/wp-json\/wp\/v2\/media\/21114"}],"wp:attachment":[{"href":"https:\/\/zonalimitrofe-cbnr.com\/index.php\/wp-json\/wp\/v2\/media?parent=21113"}],"wp:term":[{"taxonomy":"category","embeddable":true,"href":"https:\/\/zonalimitrofe-cbnr.com\/index.php\/wp-json\/wp\/v2\/categories?post=21113"},{"taxonomy":"post_tag","embeddable":true,"href":"https:\/\/zonalimitrofe-cbnr.com\/index.php\/wp-json\/wp\/v2\/tags?post=21113"}],"curies":[{"name":"wp","href":"https:\/\/api.w.org\/{rel}","templated":true}]}}