{"id":21107,"date":"2025-06-05T20:10:11","date_gmt":"2025-06-06T02:10:11","guid":{"rendered":"https:\/\/zonalimitrofe-cbnr.com\/?p=21107"},"modified":"2025-06-05T20:10:12","modified_gmt":"2025-06-06T02:10:12","slug":"torreon-municipio-de-torreon-mantiene-dialogo-abierto-con-transportistas","status":"publish","type":"post","link":"https:\/\/zonalimitrofe-cbnr.com\/index.php\/2025\/06\/05\/torreon-municipio-de-torreon-mantiene-dialogo-abierto-con-transportistas\/","title":{"rendered":"#Torre\u00f3n. Municipio de Torre\u00f3n mantiene di\u00e1logo abierto con transportistas"},"content":{"rendered":"\n<p>Torre\u00f3n, Coahuila. A 5 de junio de 2025<\/p>\n\n\n\n<p>La Administraci\u00f3n Municipal informa que, a trav\u00e9s de las direcciones de Validad y Movilidad Urbana y de Transporte P\u00fablico, ha mantenido el espacio abierto al di\u00e1logo para los asuntos relacionados a los concesionarios de transporte en todas las modalidades.<\/p>\n\n\n\n<p>Sobre las declaraciones en medios de comunicaci\u00f3n, de un grupo de transportistas que solicitan un acercamiento con las autoridades, los directores de las dependencias mencionadas dieron a conocer que se han reunido al menos en tres ocasiones en lo que va del a\u00f1o, para atender a sus inquietudes, con F\u00e9lix Caldera, secretario general del Sindicato de Camioneros Materialistas de Torre\u00f3n.<\/p>\n\n\n\n<p>F\u00e9lix Caldera fue atendido en dos ocasiones por el director de Transporte P\u00fablico Municipal, C\u00e9sar Alvarado Mendoza, en marzo de este a\u00f1o, y por Luis Alberto Morales Cort\u00e9s, director de Validad y Movilidad Urbana, el 14 de marzo del presente a\u00f1o.<\/p>\n\n\n\n<p>Al respecto, Luis Alberto Morales Cort\u00e9s, director de Validad y Movilidad Urbana, se\u00f1al\u00f3 que la atenci\u00f3n ha sido permanente y resalt\u00f3 que la indicaci\u00f3n del alcalde Rom\u00e1n Alberto Cepeda Gonz\u00e1lez, es que se revisen los temas de cumplimiento por parte de los concesionarios, con la tolerancia justa a fin de no afectar las fuentes de empleo.<\/p>\n\n\n\n<p>Dijo que el Alcalde ha instruido una pol\u00edtica de puertas abiertas y atenci\u00f3n a todos los transportistas. Sin embargo, consider\u00f3 que la problem\u00e1tica puede deberse a asuntos gremiales entre grupos de concesionarios, en donde la autoridad municipal puede fungir como mediador en beneficio de los trabajadores de los veh\u00edculos de carga pesada.<\/p>\n\n\n\n<p>Por su parte, el director de Transporte P\u00fablico Municipal, C\u00e9sar Alvarado Mendoza, agreg\u00f3 que en las revisiones, el Municipio ha sido tolerante en la antig\u00fcedad de las unidades para no afectar las fuentes de empleo, y reiter\u00f3 que concesionarios del servicio de transporte en todas sus modalidades, han sido atendidos en el presente a\u00f1o.<\/p>\n\n\n\n<p>Resalt\u00f3 adem\u00e1s que las acciones son coordinadas con Transporte del Estado, con el objetivo de unificar criterios y estrategias.<\/p>\n","protected":false},"excerpt":{"rendered":"<p>Torre\u00f3n, Coahuila. A 5 de junio de 2025 La Administraci\u00f3n Municipal informa que, a trav\u00e9s de las direcciones de Validad y Movilidad Urbana y de Transporte P\u00fablico, ha mantenido el espacio abierto al di\u00e1logo para los asuntos relacionados a los concesionarios de transporte en todas las modalidades. Sobre las declaraciones en medios de comunicaci\u00f3n, de [&hellip;]<\/p>\n","protected":false},"author":1,"featured_media":21108,"comment_status":"open","ping_status":"open","sticky":false,"template":"","format":"standard","meta":{"_monsterinsights_skip_tracking":false,"_monsterinsights_sitenote_active":false,"_monsterinsights_sitenote_note":"","_monsterinsights_sitenote_category":0,"footnotes":""},"categories":[1],"tags":[],"_links":{"self":[{"href":"https:\/\/zonalimitrofe-cbnr.com\/index.php\/wp-json\/wp\/v2\/posts\/21107"}],"collection":[{"href":"https:\/\/zonalimitrofe-cbnr.com\/index.php\/wp-json\/wp\/v2\/posts"}],"about":[{"href":"https:\/\/zonalimitrofe-cbnr.com\/index.php\/wp-json\/wp\/v2\/types\/post"}],"author":[{"embeddable":true,"href":"https:\/\/zonalimitrofe-cbnr.com\/index.php\/wp-json\/wp\/v2\/users\/1"}],"replies":[{"embeddable":true,"href":"https:\/\/zonalimitrofe-cbnr.com\/index.php\/wp-json\/wp\/v2\/comments?post=21107"}],"version-history":[{"count":1,"href":"https:\/\/zonalimitrofe-cbnr.com\/index.php\/wp-json\/wp\/v2\/posts\/21107\/revisions"}],"predecessor-version":[{"id":21109,"href":"https:\/\/zonalimitrofe-cbnr.com\/index.php\/wp-json\/wp\/v2\/posts\/21107\/revisions\/21109"}],"wp:featuredmedia":[{"embeddable":true,"href":"https:\/\/zonalimitrofe-cbnr.com\/index.php\/wp-json\/wp\/v2\/media\/21108"}],"wp:attachment":[{"href":"https:\/\/zonalimitrofe-cbnr.com\/index.php\/wp-json\/wp\/v2\/media?parent=21107"}],"wp:term":[{"taxonomy":"category","embeddable":true,"href":"https:\/\/zonalimitrofe-cbnr.com\/index.php\/wp-json\/wp\/v2\/categories?post=21107"},{"taxonomy":"post_tag","embeddable":true,"href":"https:\/\/zonalimitrofe-cbnr.com\/index.php\/wp-json\/wp\/v2\/tags?post=21107"}],"curies":[{"name":"wp","href":"https:\/\/api.w.org\/{rel}","templated":true}]}}