{"id":21098,"date":"2025-06-05T19:59:01","date_gmt":"2025-06-06T01:59:01","guid":{"rendered":"https:\/\/zonalimitrofe-cbnr.com\/?p=21098"},"modified":"2025-06-05T19:59:01","modified_gmt":"2025-06-06T01:59:01","slug":"campanasdurango-gracias-a-gomez-palacio-por-salir-a-votar-con-libertad-y-esperanza-declara-betzabe-al-recibir-la-constancia-de-mayoria-de-votos","status":"publish","type":"post","link":"https:\/\/zonalimitrofe-cbnr.com\/index.php\/2025\/06\/05\/campanasdurango-gracias-a-gomez-palacio-por-salir-a-votar-con-libertad-y-esperanza-declara-betzabe-al-recibir-la-constancia-de-mayoria-de-votos\/","title":{"rendered":"#Campa\u00f1asDurango. &#8220;\u00a1Gracias a G\u00f3mez Palacio por salir a votar con libertad y esperanza!&#8221;, declara Betzab\u00e9 al recibir la constancia de mayor\u00eda de votos"},"content":{"rendered":"\n<p>G\u00f3mez Palacio, Dgo., 5 de junio de 2025<br><br>\u25cf Listos para trabajar hombro con hombro con la presidenta Claudia Sheinbaum y<br>en coordinaci\u00f3n con el Gobierno del Estado.<br>\u25cf Gobernaremos para todas y todos con Justicia Social y Dignidad, afirma al llamar<br>a trabajar al pr\u00f3ximo Cabildo.<br>Betzab\u00e9 Mart\u00ednez Arango recibi\u00f3 la ma\u00f1ana de este jueves la constancia de mayor\u00eda<br>que le acredita como presidenta municipal electa de G\u00f3mez Palacio durante la sesi\u00f3n<br>del Consejo Municipal Electoral del IEPC, presidido por Jes\u00fas Gonz\u00e1lez Cort\u00e9s.<br>&#8220;Estamos listos, todas y todos, para encabezar un gobierno de justicia social y vida<br>digna para todos los gomezpalatinos&#8221;, afirm\u00f3 tras rubricar el acta correspondiente que<br>marca el inicio de su gesti\u00f3n hacia el pr\u00f3ximo 1 de septiembre.<br>Betzab\u00e9 Mart\u00ednez asisti\u00f3 a este acto oficial acompa\u00f1ada de Carolina Rangel, secretaria<br>general del CEN de MORENA; de Lourdes Garc\u00eda, dirigente de MORENA en Durango; y<br>de Omar de Lass\u00e9, delegado designado por la dirigencia nacional morenista para<br>Durango; adem\u00e1s del s\u00edndico electo, Juan Gonz\u00e1lez a quienes agradeci\u00f3 su respaldo<br>en el proceso electoral reciente, as\u00ed como a quienes fungir\u00e1n como regidores de<br>MORENA en el pr\u00f3ximo Cabildo.<br>Con los resultados oficiales publicados en los estrados del Consejo Municipal Electoral,<br>la candidata de la coalici\u00f3n Sigamos Haciendo Historia en Durango se alz\u00f3 con una<br>victoria por 39,525 votos, por arriba de Movimiento Ciudadano con 28,293 sufragios, y<br>en tercer sitio se coloc\u00f3 la alianza de PRI-PAN que acumul\u00f3 25,080.<br>Con una asignaci\u00f3n plural de regidur\u00edas, acerca de lo cual fue cuestionada por los<br>medios de comunicaci\u00f3n presentes, Betzab\u00e9 Mart\u00ednez manifest\u00f3 &#8220;no pasa nada, porque<br>trabajaremos por el bienestar de todo el pueblo. Yo estoy segura de que todos los<br>colores estar\u00e1n de acuerdo en estar construyendo a favor de la vida diaria del pueblo&#8221;.<\/p>\n","protected":false},"excerpt":{"rendered":"<p>G\u00f3mez Palacio, Dgo., 5 de junio de 2025 \u25cf Listos para trabajar hombro con hombro con la presidenta Claudia Sheinbaum yen coordinaci\u00f3n con el Gobierno del Estado.\u25cf Gobernaremos para todas y todos con Justicia Social y Dignidad, afirma al llamara trabajar al pr\u00f3ximo Cabildo.Betzab\u00e9 Mart\u00ednez Arango recibi\u00f3 la ma\u00f1ana de este jueves la constancia de [&hellip;]<\/p>\n","protected":false},"author":1,"featured_media":21099,"comment_status":"open","ping_status":"open","sticky":false,"template":"","format":"standard","meta":{"_monsterinsights_skip_tracking":false,"_monsterinsights_sitenote_active":false,"_monsterinsights_sitenote_note":"","_monsterinsights_sitenote_category":0,"footnotes":""},"categories":[1],"tags":[],"_links":{"self":[{"href":"https:\/\/zonalimitrofe-cbnr.com\/index.php\/wp-json\/wp\/v2\/posts\/21098"}],"collection":[{"href":"https:\/\/zonalimitrofe-cbnr.com\/index.php\/wp-json\/wp\/v2\/posts"}],"about":[{"href":"https:\/\/zonalimitrofe-cbnr.com\/index.php\/wp-json\/wp\/v2\/types\/post"}],"author":[{"embeddable":true,"href":"https:\/\/zonalimitrofe-cbnr.com\/index.php\/wp-json\/wp\/v2\/users\/1"}],"replies":[{"embeddable":true,"href":"https:\/\/zonalimitrofe-cbnr.com\/index.php\/wp-json\/wp\/v2\/comments?post=21098"}],"version-history":[{"count":1,"href":"https:\/\/zonalimitrofe-cbnr.com\/index.php\/wp-json\/wp\/v2\/posts\/21098\/revisions"}],"predecessor-version":[{"id":21100,"href":"https:\/\/zonalimitrofe-cbnr.com\/index.php\/wp-json\/wp\/v2\/posts\/21098\/revisions\/21100"}],"wp:featuredmedia":[{"embeddable":true,"href":"https:\/\/zonalimitrofe-cbnr.com\/index.php\/wp-json\/wp\/v2\/media\/21099"}],"wp:attachment":[{"href":"https:\/\/zonalimitrofe-cbnr.com\/index.php\/wp-json\/wp\/v2\/media?parent=21098"}],"wp:term":[{"taxonomy":"category","embeddable":true,"href":"https:\/\/zonalimitrofe-cbnr.com\/index.php\/wp-json\/wp\/v2\/categories?post=21098"},{"taxonomy":"post_tag","embeddable":true,"href":"https:\/\/zonalimitrofe-cbnr.com\/index.php\/wp-json\/wp\/v2\/tags?post=21098"}],"curies":[{"name":"wp","href":"https:\/\/api.w.org\/{rel}","templated":true}]}}