{"id":21059,"date":"2025-06-04T18:14:12","date_gmt":"2025-06-05T00:14:12","guid":{"rendered":"https:\/\/zonalimitrofe-cbnr.com\/?p=21059"},"modified":"2025-06-04T18:14:12","modified_gmt":"2025-06-05T00:14:12","slug":"durango-obras-en-la-carretera-san-ignacio-tayoltita-concluiran-en-julio-tras-gestion-de-esteban-villegas-y-respaldo-del-gobierno-federal","status":"publish","type":"post","link":"https:\/\/zonalimitrofe-cbnr.com\/index.php\/2025\/06\/04\/durango-obras-en-la-carretera-san-ignacio-tayoltita-concluiran-en-julio-tras-gestion-de-esteban-villegas-y-respaldo-del-gobierno-federal\/","title":{"rendered":"#Durango. Obras en la carretera San Ignacio\u2013Tayoltita concluir\u00e1n en julio, tras gesti\u00f3n de Esteban Villegas y respaldo del Gobierno Federal"},"content":{"rendered":"\n<ul>\n<li><em>La v\u00eda carretera se encuentra en su etapa final inform\u00f3 la Federaci\u00f3n.<\/em><\/li>\n\n\n\n<li><em>Inician obras del Programa de Caminos Artesanales en Durango y Oaxaca.<\/em><\/li>\n<\/ul>\n\n\n\n<p>Durango avanza con paso firme en materia de infraestructura carretera, luego de que este mi\u00e9rcoles 4 de junio, durante la \u201cMa\u00f1anera del Pueblo\u201d, Jos\u00e9 Antonio Esteva Medina, secretario de Infraestructura, Comunicaciones y Transportes (SICT), confirm\u00f3 la pr\u00f3xima conclusi\u00f3n de la carretera San Ignacio\u2013Tayoltita, una obra estrat\u00e9gica para las comunidades serranas. El gobernador Esteban Villegas Villarreal ha impulsado este proyecto como una prioridad para mejorar la conectividad regional, fortalecer la econom\u00eda local y reducir las brechas de acceso en zonas hist\u00f3ricamente marginadas.<\/p>\n\n\n\n<p>La obra, que consta de 96 kil\u00f3metros de longitud, est\u00e1 en su etapa final con tres frentes de trabajo activos y 50 m\u00e1quinas en operaci\u00f3n: \u201cLo \u00fanico que falta es este viaducto del Sauce, donde ya salimos pr\u00e1cticamente de columnas, ya est\u00e1n fabricadas las traves y se estar\u00e1n montando entre junio y julio, a finales de julio estaremos ya poniendo en operaci\u00f3n esta obra\u201d, explic\u00f3 el secretario Esteva Medina durante su intervenci\u00f3n.<\/p>\n\n\n\n<p>Adem\u00e1s de Durango, la SICT report\u00f3 avances en otras obras prioritarias que buscan fortalecer la conectividad entre regiones del pa\u00eds. Entre ellas se encuentran los tramos Cuautla\u2013Tlapa, Tamazunchale\u2013Huejutla, Bavispe\u2013Nuevo Casas Grandes y Macuspana\u2013Esc\u00e1rcega, todos con trabajos en marcha aunque a\u00fan con bajo porcentaje de avance.<\/p>\n\n\n\n<p>Finalmente, se anunci\u00f3 que el Programa de Caminos Artesanales comenzar\u00e1 formalmente en 2025 con la intervenci\u00f3n de 135 caminos, tras concluir la firma de convenios comunitarios el pr\u00f3ximo 15 de junio. Las primeras obras ya iniciaron en Durango y Oaxaca, en coordinaci\u00f3n con autoridades estatales y municipales.<\/p>\n\n\n\n<p>Estos avances reflejan el trabajo conjunto entre el Gobierno de M\u00e9xico, encabezado por la presidenta Claudia Sheinbaum Pardo, y el gobernador Esteban Villegas, con el objetivo de acercar servicios, promover el desarrollo econ\u00f3mico y mejorar la calidad de vida en las regiones m\u00e1s apartadas de Durango y el pa\u00eds.<\/p>\n","protected":false},"excerpt":{"rendered":"<p>Durango avanza con paso firme en materia de infraestructura carretera, luego de que este mi\u00e9rcoles 4 de junio, durante la \u201cMa\u00f1anera del Pueblo\u201d, Jos\u00e9 Antonio Esteva Medina, secretario de Infraestructura, Comunicaciones y Transportes (SICT), confirm\u00f3 la pr\u00f3xima conclusi\u00f3n de la carretera San Ignacio\u2013Tayoltita, una obra estrat\u00e9gica para las comunidades serranas. El gobernador Esteban Villegas Villarreal [&hellip;]<\/p>\n","protected":false},"author":1,"featured_media":21060,"comment_status":"open","ping_status":"open","sticky":false,"template":"","format":"standard","meta":{"_monsterinsights_skip_tracking":false,"_monsterinsights_sitenote_active":false,"_monsterinsights_sitenote_note":"","_monsterinsights_sitenote_category":0,"footnotes":""},"categories":[1],"tags":[],"_links":{"self":[{"href":"https:\/\/zonalimitrofe-cbnr.com\/index.php\/wp-json\/wp\/v2\/posts\/21059"}],"collection":[{"href":"https:\/\/zonalimitrofe-cbnr.com\/index.php\/wp-json\/wp\/v2\/posts"}],"about":[{"href":"https:\/\/zonalimitrofe-cbnr.com\/index.php\/wp-json\/wp\/v2\/types\/post"}],"author":[{"embeddable":true,"href":"https:\/\/zonalimitrofe-cbnr.com\/index.php\/wp-json\/wp\/v2\/users\/1"}],"replies":[{"embeddable":true,"href":"https:\/\/zonalimitrofe-cbnr.com\/index.php\/wp-json\/wp\/v2\/comments?post=21059"}],"version-history":[{"count":1,"href":"https:\/\/zonalimitrofe-cbnr.com\/index.php\/wp-json\/wp\/v2\/posts\/21059\/revisions"}],"predecessor-version":[{"id":21061,"href":"https:\/\/zonalimitrofe-cbnr.com\/index.php\/wp-json\/wp\/v2\/posts\/21059\/revisions\/21061"}],"wp:featuredmedia":[{"embeddable":true,"href":"https:\/\/zonalimitrofe-cbnr.com\/index.php\/wp-json\/wp\/v2\/media\/21060"}],"wp:attachment":[{"href":"https:\/\/zonalimitrofe-cbnr.com\/index.php\/wp-json\/wp\/v2\/media?parent=21059"}],"wp:term":[{"taxonomy":"category","embeddable":true,"href":"https:\/\/zonalimitrofe-cbnr.com\/index.php\/wp-json\/wp\/v2\/categories?post=21059"},{"taxonomy":"post_tag","embeddable":true,"href":"https:\/\/zonalimitrofe-cbnr.com\/index.php\/wp-json\/wp\/v2\/tags?post=21059"}],"curies":[{"name":"wp","href":"https:\/\/api.w.org\/{rel}","templated":true}]}}