{"id":21056,"date":"2025-06-04T18:12:24","date_gmt":"2025-06-05T00:12:24","guid":{"rendered":"https:\/\/zonalimitrofe-cbnr.com\/?p=21056"},"modified":"2025-06-04T18:12:24","modified_gmt":"2025-06-05T00:12:24","slug":"coahuila-presentan-agenda-ambiental-y-animalista-para-coahuila","status":"publish","type":"post","link":"https:\/\/zonalimitrofe-cbnr.com\/index.php\/2025\/06\/04\/coahuila-presentan-agenda-ambiental-y-animalista-para-coahuila\/","title":{"rendered":"#Coahuila. PRESENTAN AGENDA AMBIENTAL Y ANIMALISTA PARA COAHUILA"},"content":{"rendered":"\n<p>Saltillo, Coahuila de Zaragoza; a 04 de junio de 2025.- En el marco del D\u00eda Mundial del Medio Ambiente, el Gobernador Manolo Jim\u00e9nez Salinas presidi\u00f3 la Sesi\u00f3n Ordinaria del Consejo Ciudadano Estatal para el Equilibrio Ecol\u00f3gico y Protecci\u00f3n del Medio Ambiente, en donde reiter\u00f3 su compromiso por esta causa que dijo, es prioritaria para la calidad de vida de las y los coahuilenses.<\/p>\n\n\n\n<p>En este evento se le tom\u00f3 protesta al Grupo T\u00e9cnico para la Calidad del Aire para el Estado de Coahuila de Zaragoza.<\/p>\n\n\n\n<p>&#8220;En el marco del D\u00eda Mundial del Medio Ambiente, realizamos la Sesi\u00f3n Ordinaria del Consejo Ciudadano Estatal para el Equilibrio Ecol\u00f3gico, Protecci\u00f3n del Medio Ambiente y de los Animales. Este plan es un paso firme hacia el desarrollo sustentable y el cuidado de nuestros recursos naturales, con el compromiso de construir un mejor Coahuila para las generaciones futuras. \u00a1Sumemos esfuerzos para cuidar la casa de todos!&#8221;, se\u00f1al\u00f3.<\/p>\n\n\n\n<p>El Mandatario estatal manifest\u00f3 que en Coahuila se trabaja en equipo y se enfocan los esfuerzos en este tema en cinco ejes espec\u00edficos: Conservaci\u00f3n, Incendios Forestales, Bienestar Animal, Cumplimiento Ambiental, y Calidad del Aire.<\/p>\n\n\n\n<p>Se\u00f1al\u00f3 la importancia de esta reuni\u00f3n en la que se dieron a conocer los proyectos estrat\u00e9gicos y prioritarios en la materia, y destac\u00f3 las acciones que se han llevado a cabo y que se van a detonar en la entidad, como la activaci\u00f3n a nivel estatal para plantar cuando menos un mill\u00f3n de \u00e1rboles en todas las regiones de Coahuila.<\/p>\n\n\n\n<p>Adem\u00e1s de las iniciativas del cuidado a la fauna, las iniciativas de las \u00e1reas naturales protegidas, en donde existe un proyecto importante para hacer el corredor jaguar &#8211; oso negro, que viene desde el sur del pa\u00eds y que llega hasta el norte de Coahuila.<\/p>\n\n\n\n<p>Manolo Jim\u00e9nez puntualiz\u00f3 que en el tema de incendios forestales, se seguir\u00e1n reforzando las acciones de prevenci\u00f3n y de combate, y mencion\u00f3 que 2025 ha sido un a\u00f1o de grandes retos, por lo que agradeci\u00f3 a los brigadistas de Coahuila, as\u00ed como a todas las instituciones que trabajan en esta estrategia, al Ej\u00e9rcito y a la iniciativa privada, que ha tenido una gran participaci\u00f3n.<\/p>\n\n\n\n<p>De la misma manera, coment\u00f3 que se seguir\u00e1n reforzando las acciones y los diferentes proyectos en torno al cuidado de los animales, tema en el que asever\u00f3 estar al cien por ciento con los organismos de la sociedad civil dedicadas al cuidado y protecci\u00f3n de los animales.<\/p>\n\n\n\n<p>\u201cTambi\u00e9n vamos a fortalecer la vigilancia ambiental; es importante que Coahuila crezca, se desarrolle, pero de manera sustentable\u201d, explic\u00f3.<\/p>\n\n\n\n<p>Jim\u00e9nez Salinas reiter\u00f3 su compromiso y el de su administraci\u00f3n con el desarrollo, la generaci\u00f3n de empleos, y la seguridad, que asegur\u00f3, son factores importantes para la calidad de vida de las y los coahuilenses.<\/p>\n\n\n\n<p>\u201cPor eso, para nosotros fue muy importante la elecci\u00f3n del Poder Judicial local de Coahuila. Porque el Poder Judicial es un eslab\u00f3n fundamental para la seguridad de cualquier municipio, de cualquier estado o de cualquier pa\u00eds. Porque aqu\u00ed, del cien por ciento de los delitos de alto impacto que ha habido en Coahuila, se tienen detenidos al 98 por ciento de los responsables; detenidos, enjuiciados o encarcelados, cuando el promedio nacional es del 40 por ciento\u201d, destac\u00f3.<\/p>\n\n\n\n<p>Susana Estens de la Garza, secretaria de Medio Ambiente, destac\u00f3 que Coahuila se ubica en los tres primeros lugares a nivel nacional en superficie de \u00e1reas naturales protegidas; y que durante la presente administraci\u00f3n se decret\u00f3 una nueva \u00e1rea protegida voluntaria, el Rancho Arroyo Hondo, en la sierra de Santa Rosa, en M\u00fazquiz.<\/p>\n\n\n\n<p>Agreg\u00f3 que la salud de los ecosistemas de Coahuila y la privilegiada seguridad ha permitido que la vida silvestre sea un atractivo tur\u00edstico y econ\u00f3mico para la actividad cineg\u00e9tica responsable, y como una estrategia de conservaci\u00f3n.<\/p>\n\n\n\n<p>\u201cNuestro estado cuenta con una enorme riqueza en cuanto a recursos naturales y diversidad; es por ello que es del inter\u00e9s del Gobierno del Estado fomentar la protecci\u00f3n, conservaci\u00f3n y restauraci\u00f3n de los ecosistemas a trav\u00e9s del cuidado y cumplimiento ambiental que nos permitir\u00e1 gozar de una mejor calidad de vida con un ambiente sano y la responsabilidad compartida\u201d, mencion\u00f3 Estens de la Garza.<\/p>\n\n\n\n<p>Javier D\u00edaz Gonz\u00e1lez, alcalde de Saltillo, reconoci\u00f3 la visi\u00f3n del gobernador Manolo Jim\u00e9nez quien, dijo, demuestra que la seguridad, la competitividad y la sustentabilidad pueden y deben avanzar de la mano.<\/p>\n\n\n\n<p>La ambientalista Catalina Arg\u00fcelles mencion\u00f3 que la formaci\u00f3n del Grupo T\u00e9cnico para el Seguimiento del Programa de Seguimiento de Prevenci\u00f3n y Respuesta a Contingencias Ambientales y Atmosf\u00e9ricas es el primer paso para que en conjunto, autoridades y sociedad civil, construyan una herramienta que proteja la salud y la calidad de vida de la poblaci\u00f3n.<\/p>\n\n\n\n<p>En este evento acompa\u00f1aron al gobernador, adem\u00e1s, Luz Elena Morales N\u00fa\u00f1ez, diputada presidenta de la Junta de Gobierno del Congreso local; General de Brigada EM Jes\u00fas Alejandro Adame Cabrera, Comandante de la Sexta Zona Militar; Liliana Salinas Vald\u00e9s, presidenta honoraria del DIF Coahuila; Blas Jos\u00e9 Flores Gonz\u00e1lez, jefe de gabinete y Proyectos Estrat\u00e9gicos; \u00d3scar Pimentel Gonz\u00e1lez, secretario de Gobierno; Jorge Arturo Vald\u00e9s Flores, diputado presidente de la Comisi\u00f3n de Medio Ambiente del Congreso del Estado; Alejandro D\u00e1vila Flores, presidente del Consejo Ciudadano Estatal para el Equilibrio Ecol\u00f3gico y Protecci\u00f3n al Ambiente de Coahuila.<\/p>\n\n\n\n<p>Funcionarios estatales y municipales; integrantes de la sociedad civil organizada; diputados y diputadas locales; alcaldesas y alcaldes de distintos municipios; entre otros.<\/p>\n","protected":false},"excerpt":{"rendered":"<p>Saltillo, Coahuila de Zaragoza; a 04 de junio de 2025.- En el marco del D\u00eda Mundial del Medio Ambiente, el Gobernador Manolo Jim\u00e9nez Salinas presidi\u00f3 la Sesi\u00f3n Ordinaria del Consejo Ciudadano Estatal para el Equilibrio Ecol\u00f3gico y Protecci\u00f3n del Medio Ambiente, en donde reiter\u00f3 su compromiso por esta causa que dijo, es prioritaria para la [&hellip;]<\/p>\n","protected":false},"author":1,"featured_media":21057,"comment_status":"open","ping_status":"open","sticky":false,"template":"","format":"standard","meta":{"_monsterinsights_skip_tracking":false,"_monsterinsights_sitenote_active":false,"_monsterinsights_sitenote_note":"","_monsterinsights_sitenote_category":0,"footnotes":""},"categories":[1],"tags":[],"_links":{"self":[{"href":"https:\/\/zonalimitrofe-cbnr.com\/index.php\/wp-json\/wp\/v2\/posts\/21056"}],"collection":[{"href":"https:\/\/zonalimitrofe-cbnr.com\/index.php\/wp-json\/wp\/v2\/posts"}],"about":[{"href":"https:\/\/zonalimitrofe-cbnr.com\/index.php\/wp-json\/wp\/v2\/types\/post"}],"author":[{"embeddable":true,"href":"https:\/\/zonalimitrofe-cbnr.com\/index.php\/wp-json\/wp\/v2\/users\/1"}],"replies":[{"embeddable":true,"href":"https:\/\/zonalimitrofe-cbnr.com\/index.php\/wp-json\/wp\/v2\/comments?post=21056"}],"version-history":[{"count":1,"href":"https:\/\/zonalimitrofe-cbnr.com\/index.php\/wp-json\/wp\/v2\/posts\/21056\/revisions"}],"predecessor-version":[{"id":21058,"href":"https:\/\/zonalimitrofe-cbnr.com\/index.php\/wp-json\/wp\/v2\/posts\/21056\/revisions\/21058"}],"wp:featuredmedia":[{"embeddable":true,"href":"https:\/\/zonalimitrofe-cbnr.com\/index.php\/wp-json\/wp\/v2\/media\/21057"}],"wp:attachment":[{"href":"https:\/\/zonalimitrofe-cbnr.com\/index.php\/wp-json\/wp\/v2\/media?parent=21056"}],"wp:term":[{"taxonomy":"category","embeddable":true,"href":"https:\/\/zonalimitrofe-cbnr.com\/index.php\/wp-json\/wp\/v2\/categories?post=21056"},{"taxonomy":"post_tag","embeddable":true,"href":"https:\/\/zonalimitrofe-cbnr.com\/index.php\/wp-json\/wp\/v2\/tags?post=21056"}],"curies":[{"name":"wp","href":"https:\/\/api.w.org\/{rel}","templated":true}]}}