{"id":21047,"date":"2025-06-04T18:07:03","date_gmt":"2025-06-05T00:07:03","guid":{"rendered":"https:\/\/zonalimitrofe-cbnr.com\/?p=21047"},"modified":"2025-06-04T18:07:03","modified_gmt":"2025-06-05T00:07:03","slug":"lerdo-preparan-en-lerdo-acto-civico-para-conmemorar-natalicio-del-gral-pancho-villa","status":"publish","type":"post","link":"https:\/\/zonalimitrofe-cbnr.com\/index.php\/2025\/06\/04\/lerdo-preparan-en-lerdo-acto-civico-para-conmemorar-natalicio-del-gral-pancho-villa\/","title":{"rendered":"#Lerdo. PREPARAN EN LERDO ACTO C\u00cdVICO PARA CONMEMORAR NATALICIO DEL GRAL. PANCHO VILLA"},"content":{"rendered":"\n<p>Lerdo, 04 de junio de 2025.\u2013 La direcci\u00f3n de Educaci\u00f3n Municipal en Lerdo, prepara acto c\u00edvico para conmemorar el 147 aniversario del natalicio de Doroteo Arango, mejor conocido como el General Francisco Villa, mismo que se desarrollar\u00e1 el d\u00eda de ma\u00f1ana a las 9:00 horas en la plaza de Armas.<\/p>\n\n\n\n<p>Frente al busto del Caudillo del Norte, este pr\u00f3ximo jueves 05 de junio, adem\u00e1s del acto c\u00edvico, se realizar\u00e1 la colocaci\u00f3n de ofrenda y guardia de honor, tambi\u00e9n se contar\u00e1 con la participaci\u00f3n de los alumnos de la Escuela Preparatoria Francisco Villa, quienes participar\u00e1n con escolta, banda de guerra, poes\u00eda, canto y cuadros de danza folkl\u00f3rica.<\/p>\n\n\n\n<p>A trav\u00e9s de este evento se prentende conmemorar la vida y obra del Gral. Pancho Villa, destacando su papel en la revoluci\u00f3n mexicana y su legado como lider militar y social, as\u00ed como recordar y reflexionar sobre la lucha por la justicia social, la democracia y los derechos de los campesinos.<\/p>\n\n\n\n<p>Se hace la atenta invitaci\u00f3n a la ciudadan\u00eda que desee sumarse al acto conmemorativo del natalicio del General Francisco Villa, que tendr\u00e1 lugar en la plaza principal de la Ciudad, frente a la Presidencia Municipal de Lerdo.<\/p>\n","protected":false},"excerpt":{"rendered":"<p>Lerdo, 04 de junio de 2025.\u2013 La direcci\u00f3n de Educaci\u00f3n Municipal en Lerdo, prepara acto c\u00edvico para conmemorar el 147 aniversario del natalicio de Doroteo Arango, mejor conocido como el General Francisco Villa, mismo que se desarrollar\u00e1 el d\u00eda de ma\u00f1ana a las 9:00 horas en la plaza de Armas. Frente al busto del Caudillo [&hellip;]<\/p>\n","protected":false},"author":1,"featured_media":21048,"comment_status":"open","ping_status":"open","sticky":false,"template":"","format":"standard","meta":{"_monsterinsights_skip_tracking":false,"_monsterinsights_sitenote_active":false,"_monsterinsights_sitenote_note":"","_monsterinsights_sitenote_category":0,"footnotes":""},"categories":[1],"tags":[],"_links":{"self":[{"href":"https:\/\/zonalimitrofe-cbnr.com\/index.php\/wp-json\/wp\/v2\/posts\/21047"}],"collection":[{"href":"https:\/\/zonalimitrofe-cbnr.com\/index.php\/wp-json\/wp\/v2\/posts"}],"about":[{"href":"https:\/\/zonalimitrofe-cbnr.com\/index.php\/wp-json\/wp\/v2\/types\/post"}],"author":[{"embeddable":true,"href":"https:\/\/zonalimitrofe-cbnr.com\/index.php\/wp-json\/wp\/v2\/users\/1"}],"replies":[{"embeddable":true,"href":"https:\/\/zonalimitrofe-cbnr.com\/index.php\/wp-json\/wp\/v2\/comments?post=21047"}],"version-history":[{"count":1,"href":"https:\/\/zonalimitrofe-cbnr.com\/index.php\/wp-json\/wp\/v2\/posts\/21047\/revisions"}],"predecessor-version":[{"id":21049,"href":"https:\/\/zonalimitrofe-cbnr.com\/index.php\/wp-json\/wp\/v2\/posts\/21047\/revisions\/21049"}],"wp:featuredmedia":[{"embeddable":true,"href":"https:\/\/zonalimitrofe-cbnr.com\/index.php\/wp-json\/wp\/v2\/media\/21048"}],"wp:attachment":[{"href":"https:\/\/zonalimitrofe-cbnr.com\/index.php\/wp-json\/wp\/v2\/media?parent=21047"}],"wp:term":[{"taxonomy":"category","embeddable":true,"href":"https:\/\/zonalimitrofe-cbnr.com\/index.php\/wp-json\/wp\/v2\/categories?post=21047"},{"taxonomy":"post_tag","embeddable":true,"href":"https:\/\/zonalimitrofe-cbnr.com\/index.php\/wp-json\/wp\/v2\/tags?post=21047"}],"curies":[{"name":"wp","href":"https:\/\/api.w.org\/{rel}","templated":true}]}}