{"id":21038,"date":"2025-06-04T17:59:17","date_gmt":"2025-06-04T23:59:17","guid":{"rendered":"https:\/\/zonalimitrofe-cbnr.com\/?p=21038"},"modified":"2025-06-04T17:59:17","modified_gmt":"2025-06-04T23:59:17","slug":"torreon-alcalde-destaca-orden-y-paz-social-en-torreon-durante-el-pasado-proceso-electoral","status":"publish","type":"post","link":"https:\/\/zonalimitrofe-cbnr.com\/index.php\/2025\/06\/04\/torreon-alcalde-destaca-orden-y-paz-social-en-torreon-durante-el-pasado-proceso-electoral\/","title":{"rendered":"#Torre\u00f3n. Alcalde destaca orden y paz social en Torre\u00f3n, durante el pasado proceso electoral"},"content":{"rendered":"\n<p><strong>Torre\u00f3n, Coahuila. A 04 de junio de 2025.- <\/strong>Durante la vig\u00e9sima reuni\u00f3n semanal de seguridad, el alcalde Rom\u00e1n Alberto Cepeda Gonz\u00e1lez destac\u00f3 que las condiciones de orden y paz social que prevalecen en Coahuila y Torre\u00f3n, contribuyeron a que la ciudadan\u00eda haya salido a participar en el pasado proceso electoral del 1 de junio, el cual se desarroll\u00f3 con tranquilidad. El Presidente Municipal resalt\u00f3 que Coahuila registr\u00f3 la mayor participaci\u00f3n ciudadana de todo el pa\u00eds, un hecho que demuestra el alto nivel de compromiso c\u00edvico, y que se da en un municipio que ha venido trabajando coordinadamente con los tres \u00f3rdenes de Gobierno para que un evento de ejercicio democr\u00e1tico como el de la elecci\u00f3n del Poder Judicial, y como de cualquier otro tipo que se presente en la ciudad, se efect\u00fae con tranquilidad. En ese sentido, el edil reiter\u00f3 que es un reflejo del esfuerzo conjunto entre autoridades y sociedad, que garantizaron un proceso electoral ordenado y seguro. Asimismo, el Alcalde reconoci\u00f3 y agradeci\u00f3 por la correcta coordinaci\u00f3n de las corporaciones, y pidi\u00f3 reforzar las estrategias para asegurar el bienestar e integridad de la ciudadan\u00eda ante los pr\u00f3ximos eventos a llevarse a cabo como el concierto de HaAsh. Durante la reuni\u00f3n, representes de la Cadena Comercial OXXO, entregaron un reconocimiento al alcalde Rom\u00e1n Alberto Cepeda Gonz\u00e1lez, por su trabajo en favor de un municipio m\u00e1s seguro y el impacto positivo que ha tenido en estas tiendas durante la gesti\u00f3n actual, y tambi\u00e9n en la Administraci\u00f3n 2022-2024. Referente al \u00edndice semanal de incidencia delictiva, el comisario Alfredo Flores Originales, director de la Polic\u00eda de Torre\u00f3n, inform\u00f3 que del 27 de mayo al 02 de junio, disminuy\u00f3 el \u00edndice delictivo en el rubro de robo a transportista, con cero eventos; y se mantuvo en rubros como robo de veh\u00edculo sin violencia, con un evento; as\u00ed como en robo a local comercial, con ocho eventos. La Polic\u00eda Municipal efectu\u00f3 108 detenciones que fueron remitidas al Ministerio P\u00fablico y 100 al Juez Calificador.<\/p>\n\n\n\n<p>El Grupo de Reacci\u00f3n Torre\u00f3n realiz\u00f3 16 detenciones relacionadas con la posesi\u00f3n de narc\u00f3ticos.<\/p>\n\n\n\n<p>Adem\u00e1s, el Comisario destac\u00f3 las acciones para el fortalecimiento de la proximidad social por parte de la corporaci\u00f3n, como la creaci\u00f3n de m\u00e1s comit\u00e9s vecinales donde ya suman 286, as\u00ed como el contacto directo por medio de reuniones con ciudadanos y comerciantes, esta semana en la zona Centro.<\/p>\n\n\n\n<p>Martha Esther Rodr\u00edguez Romero, directora del Centro de Justicia Municipal, inform\u00f3 que el equipo de Trabajo Social particip\u00f3 en el curso de Primeros Auxilios Psicol\u00f3gicos, impartido por el DIF Torre\u00f3n y DIF Coahuila.<\/p>\n\n\n\n<p>Tambi\u00e9n mencion\u00f3 sobre la presentaci\u00f3n que hizo a regidores de la Comisi\u00f3n de Justicia, sobre los avances clave en la direcci\u00f3n como es temas de antidoping y programas de apoyo.<\/p>\n\n\n\n<p>La directora indic\u00f3 que esta semana se registraron siete accidentes viales en que los conductores salieron positivos al alcohol\u00edmetro en grado, y todos negativos a la prueba de antidoping.<\/p>\n\n\n\n<p>Luis Alberto Morales Cort\u00e9s, director de Vialidad y Movilidad Urbana, inform\u00f3 que de enero a junio se han llevado a cabo poco m\u00e1s de mil labores sociales, entre las que destacan el apoyo a veh\u00edculos descompuestos, ayuda al ciudadano, al adulto mayor, a personas enfermas, extraviados, traslados de urgencia, prevenci\u00f3n de suicidio y actos heroicos.<\/p>\n\n\n\n<p>En cuanto al tema de Educaci\u00f3n Vial, mencion\u00f3 que fueron atendidos 81 ni\u00f1os y ni\u00f1as durante la pasada edici\u00f3n del Paseo Col\u00f3n, los cuales conocieron las reglas b\u00e1sicas del tema y el trabajo de los tr\u00e1nsitos.<\/p>\n\n\n\n<p>En este sentido, destac\u00f3 la participaci\u00f3n de agentes en escuelas para promocionar las normas b\u00e1sicas de vialidad. En lo que va del a\u00f1o se han visitado 67 instituciones, atendiendo a 12 mil 254 alumnos y 709 maestros.<\/p>\n\n\n\n<p>Por su parte, Jorge Luis Ju\u00e1rez Llanas, director de Protecci\u00f3n Civil y Bomberos, se\u00f1al\u00f3 que esta semana se atendieron 105 servicios por parte de las diferentes estaciones de la corporaci\u00f3n, en ellos el incendio en lotes bald\u00edos, cortos circuitos, enjambres de abejas, fugas de gas L.P., falsas alarmas, entre otros.<\/p>\n\n\n\n<p>El director inform\u00f3 adem\u00e1s sobre la coordinaci\u00f3n durante las lluvias, con la limpieza previo de los desag\u00fces en la colonia Victoria y la revisi\u00f3n de pozos de captaci\u00f3n y absorci\u00f3n.<\/p>\n\n\n\n<p>Adem\u00e1s de las medidas de seguridad en los canales de riego, las guarder\u00edas, y el concierto de Camilo; sumado a ello destac\u00f3 sobre las capacitaciones a academias, escuelas y el apoyo en el simulacro en el Aeropuerto de Torre\u00f3n.<\/p>\n\n\n\n<p>Pablo Fern\u00e1ndez Llamas, director de Inspecci\u00f3n y Verificaci\u00f3n, dio a conocer que los principales reportes que recibi\u00f3 la dependencia mediante el sistema 073, fueron por obstrucci\u00f3n en la v\u00eda p\u00fablica, con 15; y veh\u00edculos chatarra, con 11.<\/p>\n","protected":false},"excerpt":{"rendered":"<p>Torre\u00f3n, Coahuila. A 04 de junio de 2025.- Durante la vig\u00e9sima reuni\u00f3n semanal de seguridad, el alcalde Rom\u00e1n Alberto Cepeda Gonz\u00e1lez destac\u00f3 que las condiciones de orden y paz social que prevalecen en Coahuila y Torre\u00f3n, contribuyeron a que la ciudadan\u00eda haya salido a participar en el pasado proceso electoral del 1 de junio, el [&hellip;]<\/p>\n","protected":false},"author":1,"featured_media":21039,"comment_status":"open","ping_status":"open","sticky":false,"template":"","format":"standard","meta":{"_monsterinsights_skip_tracking":false,"_monsterinsights_sitenote_active":false,"_monsterinsights_sitenote_note":"","_monsterinsights_sitenote_category":0,"footnotes":""},"categories":[1],"tags":[],"_links":{"self":[{"href":"https:\/\/zonalimitrofe-cbnr.com\/index.php\/wp-json\/wp\/v2\/posts\/21038"}],"collection":[{"href":"https:\/\/zonalimitrofe-cbnr.com\/index.php\/wp-json\/wp\/v2\/posts"}],"about":[{"href":"https:\/\/zonalimitrofe-cbnr.com\/index.php\/wp-json\/wp\/v2\/types\/post"}],"author":[{"embeddable":true,"href":"https:\/\/zonalimitrofe-cbnr.com\/index.php\/wp-json\/wp\/v2\/users\/1"}],"replies":[{"embeddable":true,"href":"https:\/\/zonalimitrofe-cbnr.com\/index.php\/wp-json\/wp\/v2\/comments?post=21038"}],"version-history":[{"count":1,"href":"https:\/\/zonalimitrofe-cbnr.com\/index.php\/wp-json\/wp\/v2\/posts\/21038\/revisions"}],"predecessor-version":[{"id":21040,"href":"https:\/\/zonalimitrofe-cbnr.com\/index.php\/wp-json\/wp\/v2\/posts\/21038\/revisions\/21040"}],"wp:featuredmedia":[{"embeddable":true,"href":"https:\/\/zonalimitrofe-cbnr.com\/index.php\/wp-json\/wp\/v2\/media\/21039"}],"wp:attachment":[{"href":"https:\/\/zonalimitrofe-cbnr.com\/index.php\/wp-json\/wp\/v2\/media?parent=21038"}],"wp:term":[{"taxonomy":"category","embeddable":true,"href":"https:\/\/zonalimitrofe-cbnr.com\/index.php\/wp-json\/wp\/v2\/categories?post=21038"},{"taxonomy":"post_tag","embeddable":true,"href":"https:\/\/zonalimitrofe-cbnr.com\/index.php\/wp-json\/wp\/v2\/tags?post=21038"}],"curies":[{"name":"wp","href":"https:\/\/api.w.org\/{rel}","templated":true}]}}