{"id":21016,"date":"2025-06-04T13:56:27","date_gmt":"2025-06-04T19:56:27","guid":{"rendered":"https:\/\/zonalimitrofe-cbnr.com\/?p=21016"},"modified":"2025-06-04T13:56:28","modified_gmt":"2025-06-04T19:56:28","slug":"torreon-roman-alberto-cepeda-gonzalez-entrega-recursos-del-forta-2025-a-39-organismos-de-la-sociedad-civil","status":"publish","type":"post","link":"https:\/\/zonalimitrofe-cbnr.com\/index.php\/2025\/06\/04\/torreon-roman-alberto-cepeda-gonzalez-entrega-recursos-del-forta-2025-a-39-organismos-de-la-sociedad-civil\/","title":{"rendered":"#Torre\u00f3n. Rom\u00e1n Alberto Cepeda Gonz\u00e1lez entrega recursos del Forta 2025 a 39 organismos de la sociedad civil"},"content":{"rendered":"\n<p>Torre\u00f3n, Coahuila. A 4 de junio de 2025<\/p>\n\n\n\n<p>El alcalde Rom\u00e1n Alberto Cepeda Gonz\u00e1lez entreg\u00f3 5 millones de pesos correspondientes al Fondo Municipal de Fortalecimiento para la Infraestructura de los Organismos de la Sociedad Civil de Asistencia Social, a representantes de 39 instituciones que participaron en la convocatoria del Sistema para el Desarrollo Integral de la Familia (DIF) Torre\u00f3n.<\/p>\n\n\n\n<p>Este mi\u00e9rcoles, en la explanada lateral de Presidencia Municipal, el edil destac\u00f3 el compromiso compartido que existe en Torre\u00f3n, entre Gobierno y la sociedad civil, para contribuir a las causas de apoyo social.<\/p>\n\n\n\n<p>\u201cTorre\u00f3n y Coahuila son el municipio y la entidad con el mayor n\u00famero de organizaciones no gubernamentales del pa\u00eds, y eso deja claro el compromiso que tiene la sociedad de Torre\u00f3n desde hace 118 a\u00f1os. Una sociedad joven que desde sus inicios dej\u00f3 claro su destino con empresas como La Fe, La Uni\u00f3n, y La Esperanza, que dieron origen a este municipio y regi\u00f3n\u201d.<\/p>\n\n\n\n<p>Cepeda Gonz\u00e1lez destac\u00f3 que en su Gobierno, la coordinaci\u00f3n de esfuerzos es clave para conseguir una sociedad como la que hoy tiene Torre\u00f3n, al ser una de las cuatro ciudades m\u00e1s seguras del pa\u00eds.<\/p>\n\n\n\n<p>\u201cCon pol\u00edticas que armonizamos con nuestro gran aliado que es el gobernador Manolo Jim\u00e9nez Salinas, donde dejamos claro a donde queremos llegar, la ruta que queremos seguir y con quien la habremos de construir, cuidando lo que m\u00e1s nos ocupa y nos preocupa: la gente\u201d.<\/p>\n\n\n\n<p>Dijo que Torre\u00f3n cuenta con grandes cosas que ense\u00f1ar y destaca en \u00e1mbitos como la cultura, el arte o el deporte. Sin embargo, resalt\u00f3 que lo m\u00e1s valioso es su gente, por lo que en su Administraci\u00f3n el compromiso prioritario es atender y cuidar sobre todo, a quienes m\u00e1s lo necesitan, para tener una sociedad m\u00e1s justa y m\u00e1s equitativa.<\/p>\n\n\n\n<p>En ese sentido, el Alcalde reconoci\u00f3 la labor y el esfuerzo de los organismos de la sociedad civil, a quienes les reiter\u00f3 su apoyo y manifest\u00f3 el respaldo de su Administraci\u00f3n para contribuir con las causas que atienden.<\/p>\n\n\n\n<p>La se\u00f1ora Selina Bremer de Cepeda, presidenta honoraria del Sistema para el Desarrollo Integral de la Familia (DIF) Torre\u00f3n, dijo que seguir\u00e1n trabajando de la mano y haciendo equipo con los organismos de la sociedad civil porque en conjunto<\/p>\n\n\n\n<p>se puede hacer m\u00e1s y brindar m\u00e1s ayuda en beneficio de la sociedad, y de quienes m\u00e1s lo necesitan.<\/p>\n\n\n\n<p>\u201cJuntos construimos una sociedad m\u00e1s justa, equitativa, profesional, humana y mejor preparada cada d\u00eda. El FORTA es de gran apoyo para que los organismos puedan mejorar y crecer tanto en infraestructura como en atenci\u00f3n a sus beneficiarios. Adem\u00e1s, este a\u00f1o pudieron aplicar tambi\u00e9n por un apoyo para el cumplimiento de la obligaci\u00f3n de pago del plan de Protecci\u00f3n Civil, el cual se renueva cada a\u00f1o y representa una erogaci\u00f3n alta y constante para las instituciones\u201d.<\/p>\n\n\n\n<p>Mar\u00eda Gloria de la Rosa, directora de Casa de Beneficencia de Torre\u00f3n, representante de las OSC\u00b4s, fue la voz que represent\u00f3 a los organismos beneficiados, y se\u00f1al\u00f3 que los une un profundo sentido de compromiso y una causa com\u00fan, el bienestar de quienes m\u00e1s lo necesitan y el amor por su querido Torre\u00f3n.<\/p>\n\n\n\n<p>\u201cDIF Torre\u00f3n es un aliado estrat\u00e9gico que contribuye a la profesionalizaci\u00f3n, sistematizaci\u00f3n y sostenibilidad de las asociaciones que representamos. Este valioso v\u00ednculo nos permite ampliar nuestro impacto llevando esperanza a las comunidades m\u00e1s vulnerables, por lo que su contribuci\u00f3n est\u00e1 apostando a modelos de colaboraci\u00f3n que ponen en el centro la dignidad humana. Sabemos que solos no podr\u00edamos llegar tan lejos, por eso contar con el respaldo del DIF Torre\u00f3n y el Gobierno Municipal no solo es valioso, es esencial\u201d.<\/p>\n\n\n\n<p>Cabe destacar que los organismos beneficiados forman parte del padr\u00f3n del DIF Torre\u00f3n, conformado por 52 asociaciones que reciben un apoyo mensual, y participaron en la convocatoria donde fueron seleccionados por un comit\u00e9 especial para obtener el recurso del FORTA.<\/p>\n\n\n\n<p>Entre los organismos beneficiados est\u00e1 el albergue del Padre Manuelito, Casa de Beneficencia, Casa del Anciano Padre Estala, Casa Hogar Abr\u00e1zame y Drogadictos An\u00f3nimos Grupo Nueva Vida, por citar algunos.<\/p>\n\n\n\n<p>Estuvieron tambi\u00e9n presentes: Ver\u00f3nica Mart\u00ednez Garc\u00eda, diputada federal; Felipe Gonz\u00e1lez Miranda, diputado local; Luis Jorge Cuerda Serna, primer regidor y presidente de la Comisi\u00f3n de Hacienda, Patrimonio y Cuenta P\u00fablica; \u00d3scar Gerardo Luj\u00e1n, Tesorero Municipal; Karla Liliana Centeno F\u00e9lix, presidenta de la Comisi\u00f3n del DIF; Marlene Mart\u00ednez Vald\u00e9s, director general de DIF Torre\u00f3n.<\/p>\n","protected":false},"excerpt":{"rendered":"<p>Torre\u00f3n, Coahuila. A 4 de junio de 2025 El alcalde Rom\u00e1n Alberto Cepeda Gonz\u00e1lez entreg\u00f3 5 millones de pesos correspondientes al Fondo Municipal de Fortalecimiento para la Infraestructura de los Organismos de la Sociedad Civil de Asistencia Social, a representantes de 39 instituciones que participaron en la convocatoria del Sistema para el Desarrollo Integral de [&hellip;]<\/p>\n","protected":false},"author":1,"featured_media":21017,"comment_status":"open","ping_status":"open","sticky":false,"template":"","format":"standard","meta":{"_monsterinsights_skip_tracking":false,"_monsterinsights_sitenote_active":false,"_monsterinsights_sitenote_note":"","_monsterinsights_sitenote_category":0,"footnotes":""},"categories":[1],"tags":[],"_links":{"self":[{"href":"https:\/\/zonalimitrofe-cbnr.com\/index.php\/wp-json\/wp\/v2\/posts\/21016"}],"collection":[{"href":"https:\/\/zonalimitrofe-cbnr.com\/index.php\/wp-json\/wp\/v2\/posts"}],"about":[{"href":"https:\/\/zonalimitrofe-cbnr.com\/index.php\/wp-json\/wp\/v2\/types\/post"}],"author":[{"embeddable":true,"href":"https:\/\/zonalimitrofe-cbnr.com\/index.php\/wp-json\/wp\/v2\/users\/1"}],"replies":[{"embeddable":true,"href":"https:\/\/zonalimitrofe-cbnr.com\/index.php\/wp-json\/wp\/v2\/comments?post=21016"}],"version-history":[{"count":1,"href":"https:\/\/zonalimitrofe-cbnr.com\/index.php\/wp-json\/wp\/v2\/posts\/21016\/revisions"}],"predecessor-version":[{"id":21018,"href":"https:\/\/zonalimitrofe-cbnr.com\/index.php\/wp-json\/wp\/v2\/posts\/21016\/revisions\/21018"}],"wp:featuredmedia":[{"embeddable":true,"href":"https:\/\/zonalimitrofe-cbnr.com\/index.php\/wp-json\/wp\/v2\/media\/21017"}],"wp:attachment":[{"href":"https:\/\/zonalimitrofe-cbnr.com\/index.php\/wp-json\/wp\/v2\/media?parent=21016"}],"wp:term":[{"taxonomy":"category","embeddable":true,"href":"https:\/\/zonalimitrofe-cbnr.com\/index.php\/wp-json\/wp\/v2\/categories?post=21016"},{"taxonomy":"post_tag","embeddable":true,"href":"https:\/\/zonalimitrofe-cbnr.com\/index.php\/wp-json\/wp\/v2\/tags?post=21016"}],"curies":[{"name":"wp","href":"https:\/\/api.w.org\/{rel}","templated":true}]}}