{"id":21009,"date":"2025-06-04T13:50:06","date_gmt":"2025-06-04T19:50:06","guid":{"rendered":"https:\/\/zonalimitrofe-cbnr.com\/?p=21009"},"modified":"2025-06-04T13:50:06","modified_gmt":"2025-06-04T19:50:06","slug":"gp-realiza-ayuntamiento-mejoras-en-el-bulevar-armando-del-castillo","status":"publish","type":"post","link":"https:\/\/zonalimitrofe-cbnr.com\/index.php\/2025\/06\/04\/gp-realiza-ayuntamiento-mejoras-en-el-bulevar-armando-del-castillo\/","title":{"rendered":"#GP. Realiza Ayuntamiento mejoras en el bulevar Armando del Castillo*"},"content":{"rendered":"\n<p>El Ayuntamiento de G\u00f3mez Palacio, a trav\u00e9s de la Direcci\u00f3n de Servicios P\u00fablicos Municipales, acudi\u00f3 a realizar trabajos de mejoramiento en el bulevar Armando del Castillo, ubicado en la Cuarta Etapa del Parque Industrial Carlos Herrera Araluce.<\/p>\n\n\n\n<p>Mario Silva Sol\u00eds, titular de la Direcci\u00f3n, destac\u00f3 que las labores realizados en el camell\u00f3n de dicho bulevar incluyeron limpieza integral, desmalezado y recolecci\u00f3n de basura, logrando con ello mejorar la imagen urbana del lugar.<\/p>\n\n\n\n<p>El funcionario se\u00f1al\u00f3 que estas acciones de limpieza integral se llevan a cabo diariamente en espacios p\u00fablicos, plazas y camellones de la ciudad, ya que para la Presidenta Municipal, Leticia Herrera Ale, es de vital importancia ofrecer a las y los gomezpalatinos \u00e1reas libres de basura y maleza.<\/p>\n\n\n\n<p>Silva Sol\u00eds agreg\u00f3 que, adem\u00e1s de las acciones mencionadas, tambi\u00e9n se llev\u00f3 a cabo la reconexi\u00f3n de luminarias, las cuales recibieron limpieza y mantenimiento debido a la acumulaci\u00f3n de sarro.<\/p>\n\n\n\n<p>Con estas acciones, el Ayuntamiento de G\u00f3mez Palacio reafirma su compromiso con el bienestar de la ciudadan\u00eda, trabajando d\u00eda con d\u00eda por una ciudad m\u00e1s limpia, segura y funcional.<\/p>\n","protected":false},"excerpt":{"rendered":"<p>El Ayuntamiento de G\u00f3mez Palacio, a trav\u00e9s de la Direcci\u00f3n de Servicios P\u00fablicos Municipales, acudi\u00f3 a realizar trabajos de mejoramiento en el bulevar Armando del Castillo, ubicado en la Cuarta Etapa del Parque Industrial Carlos Herrera Araluce. Mario Silva Sol\u00eds, titular de la Direcci\u00f3n, destac\u00f3 que las labores realizados en el camell\u00f3n de dicho bulevar [&hellip;]<\/p>\n","protected":false},"author":1,"featured_media":21011,"comment_status":"open","ping_status":"open","sticky":false,"template":"","format":"standard","meta":{"_monsterinsights_skip_tracking":false,"_monsterinsights_sitenote_active":false,"_monsterinsights_sitenote_note":"","_monsterinsights_sitenote_category":0,"footnotes":""},"categories":[1],"tags":[],"_links":{"self":[{"href":"https:\/\/zonalimitrofe-cbnr.com\/index.php\/wp-json\/wp\/v2\/posts\/21009"}],"collection":[{"href":"https:\/\/zonalimitrofe-cbnr.com\/index.php\/wp-json\/wp\/v2\/posts"}],"about":[{"href":"https:\/\/zonalimitrofe-cbnr.com\/index.php\/wp-json\/wp\/v2\/types\/post"}],"author":[{"embeddable":true,"href":"https:\/\/zonalimitrofe-cbnr.com\/index.php\/wp-json\/wp\/v2\/users\/1"}],"replies":[{"embeddable":true,"href":"https:\/\/zonalimitrofe-cbnr.com\/index.php\/wp-json\/wp\/v2\/comments?post=21009"}],"version-history":[{"count":1,"href":"https:\/\/zonalimitrofe-cbnr.com\/index.php\/wp-json\/wp\/v2\/posts\/21009\/revisions"}],"predecessor-version":[{"id":21012,"href":"https:\/\/zonalimitrofe-cbnr.com\/index.php\/wp-json\/wp\/v2\/posts\/21009\/revisions\/21012"}],"wp:featuredmedia":[{"embeddable":true,"href":"https:\/\/zonalimitrofe-cbnr.com\/index.php\/wp-json\/wp\/v2\/media\/21011"}],"wp:attachment":[{"href":"https:\/\/zonalimitrofe-cbnr.com\/index.php\/wp-json\/wp\/v2\/media?parent=21009"}],"wp:term":[{"taxonomy":"category","embeddable":true,"href":"https:\/\/zonalimitrofe-cbnr.com\/index.php\/wp-json\/wp\/v2\/categories?post=21009"},{"taxonomy":"post_tag","embeddable":true,"href":"https:\/\/zonalimitrofe-cbnr.com\/index.php\/wp-json\/wp\/v2\/tags?post=21009"}],"curies":[{"name":"wp","href":"https:\/\/api.w.org\/{rel}","templated":true}]}}