{"id":21006,"date":"2025-06-04T13:48:39","date_gmt":"2025-06-04T19:48:39","guid":{"rendered":"https:\/\/zonalimitrofe-cbnr.com\/?p=21006"},"modified":"2025-06-04T13:48:39","modified_gmt":"2025-06-04T19:48:39","slug":"lerdo-recupera-cuerpo-de-joven-que-desaparecio-en-el-rio-nazas","status":"publish","type":"post","link":"https:\/\/zonalimitrofe-cbnr.com\/index.php\/2025\/06\/04\/lerdo-recupera-cuerpo-de-joven-que-desaparecio-en-el-rio-nazas\/","title":{"rendered":"#Lerdo. RECUPERA CUERPO DE JOVEN QUE DESAPARECI\u00d3 EN EL R\u00cdO NAZAS*"},"content":{"rendered":"\n<p>Lerdo, 04 de junio de 2025.\u2013 Luego de tres d\u00edas de labores intensas de b\u00fasqueda y rescate, este mi\u00e9rcoles por la ma\u00f1ana fue localizado el cuerpo de Uriel Mart\u00ednez, un joven de 23 a\u00f1os que falleci\u00f3 por sumersi\u00f3n en el R\u00edo Nazas el pasado lunes por la tarde.<\/p>\n\n\n\n<p>La Coordinaci\u00f3n de Protecci\u00f3n Civil y Bomberos de Lerdo inform\u00f3 que el hallazgo se registr\u00f3 alrededor de las 6:30 de la ma\u00f1ana de este mi\u00e9rcoles, cuando se report\u00f3 un avistamiento del cuerpo. De inmediato, se activaron recorridos conjuntos con familiares en los m\u00e1rgenes del r\u00edo y en el interior de la represa de Villa Ju\u00e1rez, con apoyo de buzos de las regiones Laguna y Durango. El cuerpo fue finalmente localizado alrededor de las 8:30 de la ma\u00f1ana y ser\u00e1 entregado a las autoridades correspondientes.<\/p>\n\n\n\n<p>Isabel Mac\u00edas, coordinadora de Protecci\u00f3n Civil y Bomberos en Lerdo, lament\u00f3 profundamente la p\u00e9rdida y reiter\u00f3 el llamado a la ciudadan\u00eda para evitar introducirse a nadar en el R\u00edo Nazas, subrayando que este tipo de tragedias pueden prevenirse.<\/p>\n\n\n\n<p>Indic\u00f3 que por instrucciones del Alcalde Homero Mart\u00ednez Cabrera, se realizaron todas las acciones necesarias para localizar el cuerpo y as\u00ed permitir a la familia despedirse de Uriel con dignidad. Asimismo, se\u00f1al\u00f3 que se ha girado la instrucci\u00f3n a las dependencias operativas para intensificar las medidas de prevenci\u00f3n y concientizaci\u00f3n, a fin de evitar que m\u00e1s personas arriesguen la vida en estas aguas.<\/p>\n","protected":false},"excerpt":{"rendered":"<p>Lerdo, 04 de junio de 2025.\u2013 Luego de tres d\u00edas de labores intensas de b\u00fasqueda y rescate, este mi\u00e9rcoles por la ma\u00f1ana fue localizado el cuerpo de Uriel Mart\u00ednez, un joven de 23 a\u00f1os que falleci\u00f3 por sumersi\u00f3n en el R\u00edo Nazas el pasado lunes por la tarde. La Coordinaci\u00f3n de Protecci\u00f3n Civil y Bomberos [&hellip;]<\/p>\n","protected":false},"author":1,"featured_media":21007,"comment_status":"open","ping_status":"open","sticky":false,"template":"","format":"standard","meta":{"_monsterinsights_skip_tracking":false,"_monsterinsights_sitenote_active":false,"_monsterinsights_sitenote_note":"","_monsterinsights_sitenote_category":0,"footnotes":""},"categories":[1],"tags":[],"_links":{"self":[{"href":"https:\/\/zonalimitrofe-cbnr.com\/index.php\/wp-json\/wp\/v2\/posts\/21006"}],"collection":[{"href":"https:\/\/zonalimitrofe-cbnr.com\/index.php\/wp-json\/wp\/v2\/posts"}],"about":[{"href":"https:\/\/zonalimitrofe-cbnr.com\/index.php\/wp-json\/wp\/v2\/types\/post"}],"author":[{"embeddable":true,"href":"https:\/\/zonalimitrofe-cbnr.com\/index.php\/wp-json\/wp\/v2\/users\/1"}],"replies":[{"embeddable":true,"href":"https:\/\/zonalimitrofe-cbnr.com\/index.php\/wp-json\/wp\/v2\/comments?post=21006"}],"version-history":[{"count":1,"href":"https:\/\/zonalimitrofe-cbnr.com\/index.php\/wp-json\/wp\/v2\/posts\/21006\/revisions"}],"predecessor-version":[{"id":21008,"href":"https:\/\/zonalimitrofe-cbnr.com\/index.php\/wp-json\/wp\/v2\/posts\/21006\/revisions\/21008"}],"wp:featuredmedia":[{"embeddable":true,"href":"https:\/\/zonalimitrofe-cbnr.com\/index.php\/wp-json\/wp\/v2\/media\/21007"}],"wp:attachment":[{"href":"https:\/\/zonalimitrofe-cbnr.com\/index.php\/wp-json\/wp\/v2\/media?parent=21006"}],"wp:term":[{"taxonomy":"category","embeddable":true,"href":"https:\/\/zonalimitrofe-cbnr.com\/index.php\/wp-json\/wp\/v2\/categories?post=21006"},{"taxonomy":"post_tag","embeddable":true,"href":"https:\/\/zonalimitrofe-cbnr.com\/index.php\/wp-json\/wp\/v2\/tags?post=21006"}],"curies":[{"name":"wp","href":"https:\/\/api.w.org\/{rel}","templated":true}]}}