{"id":20985,"date":"2025-06-03T18:37:33","date_gmt":"2025-06-04T00:37:33","guid":{"rendered":"https:\/\/zonalimitrofe-cbnr.com\/?p=20985"},"modified":"2025-06-03T18:37:33","modified_gmt":"2025-06-04T00:37:33","slug":"uadec-te-invita-uadec-a-las-actividades-culturales-de-junio","status":"publish","type":"post","link":"https:\/\/zonalimitrofe-cbnr.com\/index.php\/2025\/06\/03\/uadec-te-invita-uadec-a-las-actividades-culturales-de-junio\/","title":{"rendered":"#UAdeC. Te Invita UAdeC a las Actividades Culturales de Junio"},"content":{"rendered":"\n<p>SALTILLO, Coahuila. 3 de junio de 2025.La Universidad Aut\u00f3noma de Coahuila a trav\u00e9s de la Coordinaci\u00f3n General de Difusi\u00f3n y Patrimonio Cultural (DPC), invita a la comunidad universitaria de las Unidades Sureste, Norte y Laguna, y al p\u00fablico en general a disfrutar de las actividades culturales programadas durante el mes de junio 2025.<\/p>\n\n\n\n<p>En la Unidad Laguna se impartir\u00e1 durante los viernes 6, 13 y 20 de junio un Taller de Escritura Ejecutiva a cargo de la Maestra Arcelia Ayup Silveti a partir de las 9:00 horas en el Sal\u00f3n de Telecomunicaciones de las oficinas de Coordinaci\u00f3n Unidad Laguna.<\/p>\n\n\n\n<p>Unidad Norte estar\u00e1 presentando el martes 10 de junio la Obra de teatro &#8220;El juicio del agua&#8221;, con la participaci\u00f3n del grupo de teatro &#8216;Los antagonistas de la FIME&#8221;, guion y direcci\u00f3n: Faye Alejandra Ferrel Trejo a las 19:00 horas en el Teatro de C\u00e1mara &#8220;Cesar Luna Lastra&#8221;, Monclova, Coahuila.<\/p>\n\n\n\n<p>En Unidad Sureste, el jueves 12 de junio ser\u00e1 la Presentaci\u00f3n del libro \u201cMemoria Familiar, Familia Flores Ibarra presenta\u201d de Mar\u00eda Teresa Flores G\u00f3mez, a las 18:00 horas en el Recinto del Patrimonio Cultural Universitario ubicado en la calle de Hidalgo #211 del Centro Hist\u00f3rico de Saltillo.<\/p>\n\n\n\n<p>Ese m ismo d\u00eda, se imparte &#8220;Drink &amp; Draw&#8221; que es la clase publica de pintura con Zen\u00e9n Vizca\u00edno a las 18:00 horas, en Recinto Cultural Universitario &#8220;Aurora Morales de L\u00f3pez&#8221; calle Miguel Ramos Arizpe #229 en el Centro Hist\u00f3tico.<\/p>\n\n\n\n<p>Para el 20 de junio el Recinto del Patrimonio Cultural prepa eventos importantes a partir de las 17:00 horas que es la inauguraci\u00f3n de la exposici\u00f3n pict\u00f3rica &#8220;Palimpsestos urbanos&#8217; de Daniel Canales en la Sala de Exposiciones Temporales I.<\/p>\n\n\n\n<p>Asimismo, a las 19:00 horas ser\u00e1 la Muestra Final de talleres culturales como la proyecci\u00f3n del cortometraje B.L.A.S a cargo del maestro Fernando Recio y sus alumnos del Taller de Cortometraje.<\/p>\n\n\n\n<p>Ese mismo d\u00eda ser\u00e1 la exhibici\u00f3n de trabajos de los alumnos de los Talleres de Dibujo Art\u00edstico y de Pintura al \u00f3leo a cargo del maestro Jos\u00e9 Luis Covarrubias.<\/p>\n\n\n\n<p>El jueves 26 de junio, se presenta la exposici\u00f3n colectiva de cer\u00e1mica de alumnos del Colegio Ignacio Zaragoza a las 17:00 horas en el Recinto del Patrimonio Cultural Universitario.<\/p>\n\n\n\n<p>Ese d\u00eda en el Recinto Cultural Universitario &#8220;Aurora Morales de L\u00f3pez&#8221; ser\u00e1 el recital del taller de canto de los alumnos del Maestro Juan Antonio Ortiz que cantar\u00e1n obras de distintos compositores latinoamericanos a las 19:00 horas.<\/p>\n\n\n\n<p>Para m\u00e1s informaci\u00f3n de todas estas actividades, llamar a los tel\u00e9fonos (844) 410 2362 y (844) 410 2482, en el Facebook \u201cDpc UAdeC\u201d, en el Instagram @dpcuadec, o en las instalaciones de la Coordinaci\u00f3n de Difusi\u00f3n y Patrimonio Cultural ubicadas en Edificio \u201cF\u201d de la Unidad Camporredondo.<\/p>\n\n\n\n<p>En la Unidad Norte al tel\u00e9fono (866) 649 60 30 o el Facebook www.facebook.com\/CUN.UADEC y en la Unidad Laguna al tel\u00e9fono 871 729 32 01 o al Facebook www.facebook.com\/UAdeCUL.<\/p>\n","protected":false},"excerpt":{"rendered":"<p>SALTILLO, Coahuila. 3 de junio de 2025.La Universidad Aut\u00f3noma de Coahuila a trav\u00e9s de la Coordinaci\u00f3n General de Difusi\u00f3n y Patrimonio Cultural (DPC), invita a la comunidad universitaria de las Unidades Sureste, Norte y Laguna, y al p\u00fablico en general a disfrutar de las actividades culturales programadas durante el mes de junio 2025. En la [&hellip;]<\/p>\n","protected":false},"author":1,"featured_media":20986,"comment_status":"open","ping_status":"open","sticky":false,"template":"","format":"standard","meta":{"_monsterinsights_skip_tracking":false,"_monsterinsights_sitenote_active":false,"_monsterinsights_sitenote_note":"","_monsterinsights_sitenote_category":0,"footnotes":""},"categories":[1],"tags":[],"_links":{"self":[{"href":"https:\/\/zonalimitrofe-cbnr.com\/index.php\/wp-json\/wp\/v2\/posts\/20985"}],"collection":[{"href":"https:\/\/zonalimitrofe-cbnr.com\/index.php\/wp-json\/wp\/v2\/posts"}],"about":[{"href":"https:\/\/zonalimitrofe-cbnr.com\/index.php\/wp-json\/wp\/v2\/types\/post"}],"author":[{"embeddable":true,"href":"https:\/\/zonalimitrofe-cbnr.com\/index.php\/wp-json\/wp\/v2\/users\/1"}],"replies":[{"embeddable":true,"href":"https:\/\/zonalimitrofe-cbnr.com\/index.php\/wp-json\/wp\/v2\/comments?post=20985"}],"version-history":[{"count":1,"href":"https:\/\/zonalimitrofe-cbnr.com\/index.php\/wp-json\/wp\/v2\/posts\/20985\/revisions"}],"predecessor-version":[{"id":20987,"href":"https:\/\/zonalimitrofe-cbnr.com\/index.php\/wp-json\/wp\/v2\/posts\/20985\/revisions\/20987"}],"wp:featuredmedia":[{"embeddable":true,"href":"https:\/\/zonalimitrofe-cbnr.com\/index.php\/wp-json\/wp\/v2\/media\/20986"}],"wp:attachment":[{"href":"https:\/\/zonalimitrofe-cbnr.com\/index.php\/wp-json\/wp\/v2\/media?parent=20985"}],"wp:term":[{"taxonomy":"category","embeddable":true,"href":"https:\/\/zonalimitrofe-cbnr.com\/index.php\/wp-json\/wp\/v2\/categories?post=20985"},{"taxonomy":"post_tag","embeddable":true,"href":"https:\/\/zonalimitrofe-cbnr.com\/index.php\/wp-json\/wp\/v2\/tags?post=20985"}],"curies":[{"name":"wp","href":"https:\/\/api.w.org\/{rel}","templated":true}]}}