{"id":20968,"date":"2025-06-03T18:19:02","date_gmt":"2025-06-04T00:19:02","guid":{"rendered":"https:\/\/zonalimitrofe-cbnr.com\/?p=20968"},"modified":"2025-06-03T18:19:02","modified_gmt":"2025-06-04T00:19:02","slug":"durango-gobierno-de-esteban-villegas-priorizo-la-salud-de-los-duranguenses-con-campana-de-vacunacion-invernal-2","status":"publish","type":"post","link":"https:\/\/zonalimitrofe-cbnr.com\/index.php\/2025\/06\/03\/durango-gobierno-de-esteban-villegas-priorizo-la-salud-de-los-duranguenses-con-campana-de-vacunacion-invernal-2\/","title":{"rendered":"#Durango. Gobierno de Esteban Villegas prioriz\u00f3 la salud de los duranguenses con campa\u00f1a de vacunaci\u00f3n invernal"},"content":{"rendered":"\n<ul>\n<li>SSD culmina campa\u00f1a de vacunaci\u00f3n invernal en G\u00f3mez Palacio<\/li>\n\n\n\n<li>Durante la campa\u00f1a de vacunaci\u00f3n de inverno se aplicaron cerca de 50 mil dosis<\/li>\n<\/ul>\n\n\n\n<p>Comarca Lagunera.- Con la finalidad de priorizar la salud de los duranguenses en la regi\u00f3n Laguna, la Secretaria de Salud en Durango (SSD), a trav\u00e9s de la Jurisdicci\u00f3n Sanitaria No. 2 concluy\u00f3 la Campa\u00f1a de Vacunaci\u00f3n Invernal, con una jornada de servicios en la Unidad Deportiva de la colonia Guadalupe Victoria de G\u00f3mez Palacio; refrendando as\u00ed, el compromiso del gobernador Esteban Villegas Villarreal para el cuidado de la salud de las familias duranguenses.<\/p>\n\n\n\n<p>En este sentido, Jos\u00e9 Antonio Adame de Le\u00f3n, jefe de la Jurisdicci\u00f3n Sanitaria No. 2, destac\u00f3 que a lo largo de esta campa\u00f1a invernal se fortalecieron los esquemas de prevenci\u00f3n y atenci\u00f3n de enfermedades cr\u00f3nico-degenerativas, adem\u00e1s de la aplicaron cerca de 50 mil dosis, logrando as\u00ed superar en un 137 por ciento la meta trazada en el 2024.<\/p>\n\n\n\n<p>Explic\u00f3 que, dentro de las acciones implementadas por el personal de la Jurisdicci\u00f3n a su cargo, en la Jornada de la Unidad Deportiva se realizaron pruebas r\u00e1pidas de detecci\u00f3n de glucosa en la sangre, colesterol, triglic\u00e9ridos, chequeo de la presi\u00f3n arterial, control de peso, salud reproductiva y bucal, planificaci\u00f3n familiar, adem\u00e1s de que se invit\u00f3 a la ciudadan\u00eda a actualizar los esquemas de vacunaci\u00f3n para los infantes, con dosis de vacuna del Virus del Papiloma Humano (VPH) (ni\u00f1as de 11 a 16 a\u00f1os), T\u00e9tanos, Hepatitis B Triple Viral -sarampi\u00f3n, rubiola y parotiditis), Doble Viral y Rotavirus para que ning\u00fan ni\u00f1o se quede sin ser vacunado y de esta manera prevenir enfermedades como la tosferina.<\/p>\n\n\n\n<p>Cabe mencionar que la SSD inici\u00f3 con la campa\u00f1a de vacunaci\u00f3n del VPH para los ni\u00f1os varones de quinto a\u00f1o de primaria y ni\u00f1os no escolarizados, a fin de prevenir enfermedades de transmisi\u00f3n sexual.<\/p>\n\n\n\n<p>Destac\u00f3 que, se cuenta con la vacuna Sputnik para prevenir el COVID y hasta el momento se han aplicado cerca del 60 por ciento de los inmunol\u00f3gicos que tienen disponibles, principalmente, para las personas vulnerables y a los adultos mayores. \u201cQuiero decirle a la poblaci\u00f3n que tenemos dosis suficientes para atender la demanda que pudi\u00e9ramos tener\u201d.<\/p>\n\n\n\n<p>Inform\u00f3 que, a la poblaci\u00f3n asistente se le proporcionaron algunos medicamentos como; albendaz\u00f3n que es desparasitante y \u00e1cido f\u00f3lico, medicamento auxiliar en la prevenci\u00f3n del c\u00e1ncer de mama, de matriz, para la ca\u00edda del cabello, para fortalecer las u\u00f1as y reactivar la memoria.<\/p>\n\n\n\n<p>Por \u00faltimo, hizo una invitaci\u00f3n a la ciudadan\u00eda para que se informe sobre la campa\u00f1a de vasectom\u00eda sin bistur\u00ed que llevar\u00e1n a cabo los pr\u00f3ximos d\u00edas 16 y 17 de mayo.<\/p>\n","protected":false},"excerpt":{"rendered":"<p>Comarca Lagunera.- Con la finalidad de priorizar la salud de los duranguenses en la regi\u00f3n Laguna, la Secretaria de Salud en Durango (SSD), a trav\u00e9s de la Jurisdicci\u00f3n Sanitaria No. 2 concluy\u00f3 la Campa\u00f1a de Vacunaci\u00f3n Invernal, con una jornada de servicios en la Unidad Deportiva de la colonia Guadalupe Victoria de G\u00f3mez Palacio; refrendando [&hellip;]<\/p>\n","protected":false},"author":1,"featured_media":20969,"comment_status":"open","ping_status":"open","sticky":false,"template":"","format":"standard","meta":{"_monsterinsights_skip_tracking":false,"_monsterinsights_sitenote_active":false,"_monsterinsights_sitenote_note":"","_monsterinsights_sitenote_category":0,"footnotes":""},"categories":[1],"tags":[],"_links":{"self":[{"href":"https:\/\/zonalimitrofe-cbnr.com\/index.php\/wp-json\/wp\/v2\/posts\/20968"}],"collection":[{"href":"https:\/\/zonalimitrofe-cbnr.com\/index.php\/wp-json\/wp\/v2\/posts"}],"about":[{"href":"https:\/\/zonalimitrofe-cbnr.com\/index.php\/wp-json\/wp\/v2\/types\/post"}],"author":[{"embeddable":true,"href":"https:\/\/zonalimitrofe-cbnr.com\/index.php\/wp-json\/wp\/v2\/users\/1"}],"replies":[{"embeddable":true,"href":"https:\/\/zonalimitrofe-cbnr.com\/index.php\/wp-json\/wp\/v2\/comments?post=20968"}],"version-history":[{"count":1,"href":"https:\/\/zonalimitrofe-cbnr.com\/index.php\/wp-json\/wp\/v2\/posts\/20968\/revisions"}],"predecessor-version":[{"id":20970,"href":"https:\/\/zonalimitrofe-cbnr.com\/index.php\/wp-json\/wp\/v2\/posts\/20968\/revisions\/20970"}],"wp:featuredmedia":[{"embeddable":true,"href":"https:\/\/zonalimitrofe-cbnr.com\/index.php\/wp-json\/wp\/v2\/media\/20969"}],"wp:attachment":[{"href":"https:\/\/zonalimitrofe-cbnr.com\/index.php\/wp-json\/wp\/v2\/media?parent=20968"}],"wp:term":[{"taxonomy":"category","embeddable":true,"href":"https:\/\/zonalimitrofe-cbnr.com\/index.php\/wp-json\/wp\/v2\/categories?post=20968"},{"taxonomy":"post_tag","embeddable":true,"href":"https:\/\/zonalimitrofe-cbnr.com\/index.php\/wp-json\/wp\/v2\/tags?post=20968"}],"curies":[{"name":"wp","href":"https:\/\/api.w.org\/{rel}","templated":true}]}}